{"id":59728,"date":"2020-08-05T09:32:04","date_gmt":"2020-08-05T12:32:04","guid":{"rendered":"https:\/\/blogdoedvaldomagalhaes.com.br\/?p=59728"},"modified":"2020-08-05T09:32:09","modified_gmt":"2020-08-05T12:32:09","slug":"mulheres-vitimas-de-violencia-terao-prioridade-de-matricula-escolar-em-caruaru","status":"publish","type":"post","link":"https:\/\/blogdoedvaldomagalhaes.com.br\/index.php\/2020\/08\/05\/mulheres-vitimas-de-violencia-terao-prioridade-de-matricula-escolar-em-caruaru\/","title":{"rendered":"Mulheres v\u00edtimas de viol\u00eancia ter\u00e3o prioridade de matr\u00edcula escolar em Caruaru"},"content":{"rendered":"<p style=\"text-align: justify;\"><span style=\"font-size: inherit;\">A partir de agora, as mulheres que foram v\u00edtimas de viol\u00eancia dom\u00e9stica e familiar ter\u00e3o direito de prefer\u00eancia de matr\u00edcula e rematr\u00edcula nas institui\u00e7\u00f5es da rede municipal de Caruaru, tanto para si quanto para os filhos. A medida est\u00e1 prevista no Projeto de Lei N\u00ba 8100\/2019, de autoria do vereador Daniel Finizola (PT), que foi aprovado pela C\u00e2mara Municipal nesta ter\u00e7a-feira (4).<\/span><\/p>\n<p style=\"text-align: justify;\">De acordo com a mat\u00e9ria, a prioridade de vaga ser\u00e1 concedida a partir da apresenta\u00e7\u00e3o de algum documento comprobat\u00f3rio, como um termo de encaminhamento de uma unidade de prote\u00e7\u00e3o e atendimento \u00e0s mulheres em situa\u00e7\u00e3o de viol\u00eancia, a c\u00f3pia do Boletim de Ocorr\u00eancia emitido por um \u00f3rg\u00e3o competente, um termo de Medida Protetiva expedido por um Juiz ou uma certid\u00e3o emitida por \u00f3rg\u00e3os municipais de prote\u00e7\u00e3o \u00e0 mulher.<\/p>\n<p style=\"text-align: justify;\">\u201cO objetivo \u00e9 fazer com que a mulher fique distante do seu agressor. Ent\u00e3o, se em uma determinada localidade, ela sofreu viol\u00eancia, que ela possa ir para outra localidade e que ela tenha prioridade para matricular seu filho e, se ela estiver estudando, que ela tamb\u00e9m possa se matricular\u201d, defende o vereador Daniel Finizola.<\/p>\n<p style=\"text-align: justify;\">O texto do projeto est\u00e1 dispon\u00edvel, na \u00edntegra, na plataforma do Sistema de Apoio ao Processo Legislativo (SAPL).<\/p>\n","protected":false},"excerpt":{"rendered":"<p>A partir de agora, as mulheres que foram v\u00edtimas de viol\u00eancia dom\u00e9stica e familiar ter\u00e3o direito de prefer\u00eancia de matr\u00edcula&hellip;<\/p>\n","protected":false},"author":1,"featured_media":59729,"comment_status":"open","ping_status":"open","sticky":false,"template":"","format":"standard","meta":{"footnotes":""},"categories":[14122],"tags":[4476,2259,19128],"class_list":["post-59728","post","type-post","status-publish","format-standard","has-post-thumbnail","hentry","category-politica","tag-camara-de-vereadores-de-caruaru","tag-daniel-finizola","tag-mulheres-vitimas-de-violencia-terao-prioridade-de-matricula-escolar-em-caruaru"],"_links":{"self":[{"href":"https:\/\/blogdoedvaldomagalhaes.com.br\/index.php\/wp-json\/wp\/v2\/posts\/59728","targetHints":{"allow":["GET"]}}],"collection":[{"href":"https:\/\/blogdoedvaldomagalhaes.com.br\/index.php\/wp-json\/wp\/v2\/posts"}],"about":[{"href":"https:\/\/blogdoedvaldomagalhaes.com.br\/index.php\/wp-json\/wp\/v2\/types\/post"}],"author":[{"embeddable":true,"href":"https:\/\/blogdoedvaldomagalhaes.com.br\/index.php\/wp-json\/wp\/v2\/users\/1"}],"replies":[{"embeddable":true,"href":"https:\/\/blogdoedvaldomagalhaes.com.br\/index.php\/wp-json\/wp\/v2\/comments?post=59728"}],"version-history":[{"count":1,"href":"https:\/\/blogdoedvaldomagalhaes.com.br\/index.php\/wp-json\/wp\/v2\/posts\/59728\/revisions"}],"predecessor-version":[{"id":59730,"href":"https:\/\/blogdoedvaldomagalhaes.com.br\/index.php\/wp-json\/wp\/v2\/posts\/59728\/revisions\/59730"}],"wp:featuredmedia":[{"embeddable":true,"href":"https:\/\/blogdoedvaldomagalhaes.com.br\/index.php\/wp-json\/wp\/v2\/media\/59729"}],"wp:attachment":[{"href":"https:\/\/blogdoedvaldomagalhaes.com.br\/index.php\/wp-json\/wp\/v2\/media?parent=59728"}],"wp:term":[{"taxonomy":"category","embeddable":true,"href":"https:\/\/blogdoedvaldomagalhaes.com.br\/index.php\/wp-json\/wp\/v2\/categories?post=59728"},{"taxonomy":"post_tag","embeddable":true,"href":"https:\/\/blogdoedvaldomagalhaes.com.br\/index.php\/wp-json\/wp\/v2\/tags?post=59728"}],"curies":[{"name":"wp","href":"https:\/\/api.w.org\/{rel}","templated":true}]}}