{"id":59718,"date":"2020-08-05T08:50:16","date_gmt":"2020-08-05T11:50:16","guid":{"rendered":"https:\/\/blogdoedvaldomagalhaes.com.br\/?p=59718"},"modified":"2020-08-05T08:53:44","modified_gmt":"2020-08-05T11:53:44","slug":"festa-de-nossa-senhora-da-assuncao-em-caruaru-de-6-a-16-de-agosto-fieis-participarao-por-agendamento","status":"publish","type":"post","link":"https:\/\/blogdoedvaldomagalhaes.com.br\/index.php\/2020\/08\/05\/festa-de-nossa-senhora-da-assuncao-em-caruaru-de-6-a-16-de-agosto-fieis-participarao-por-agendamento\/","title":{"rendered":"Festa de Nossa Senhora da Assun\u00e7\u00e3o em Caruaru de 6 a 16 de agosto; Fi\u00e9is participar\u00e3o por agendamento"},"content":{"rendered":"<p style=\"text-align: justify;\"><span style=\"font-size: inherit;\">A par\u00f3quia de Nossa Senhora da Assun\u00e7\u00e3o, em Caruaru, celebrar\u00e1 a festa de sua padroeira de 6 a 16 de agosto. Durante as onze noites festivas, as celebra\u00e7\u00f5es estar\u00e3o em comunh\u00e3o com o tema escolhido para a edi\u00e7\u00e3o deste ano: \u201cMaria, ensina-nos a amar, confiar e seguir teu filho\u201d. Este ano, a festividade tem um novo formato. A participa\u00e7\u00e3o na novena e nas missas, que t\u00eam in\u00edcio \u00e0s 19h, necessitar\u00e1 de agendamento. Al\u00e9m disso, todos os dias haver\u00e1 a transmiss\u00e3o online pelas redes sociais, @assuncaocaruaru no Instagram, Facebook e YouTube.<\/span><\/p>\n<p style=\"text-align: justify;\">Para que a festa aconte\u00e7a, ser\u00e3o seguidas todas as determina\u00e7\u00f5es do decreto diocesano de 18 de julho de 2020. Entre as medidas adotadas, est\u00e3o a medi\u00e7\u00e3o de temperatura nas portas, uso obrigat\u00f3rio de m\u00e1scaras, distribui\u00e7\u00e3o de \u00e1lcool 70% para higieniza\u00e7\u00e3o das m\u00e3os, distanciamento de, no m\u00ednimo, um metro e meio e higieniza\u00e7\u00e3o da igreja ap\u00f3s as celebra\u00e7\u00f5es.<\/p>\n<p style=\"text-align: justify;\">Para participar da novena e das missas, os fi\u00e9is devem agendar um hor\u00e1rio com a secretaria paroquial por meio dos telefones (81) 2104-1165 ou (81) 99337-9540. A medida \u00e9 necess\u00e1ria para que seja feito o controle da quantidade de pessoas na igreja.<\/p>\n<p style=\"text-align: justify;\">Confira a programa\u00e7\u00e3o completa:<\/p>\n<p style=\"text-align: justify;\">06\/08 | 19h &#8211; Pe. Ezequias Dantas (Par\u00f3quia S\u00e3o Bento)<br \/>\n07\/08 | 19h &#8211; Pe. Luciano Bertoldo (\u00c1rea Pastoral Sagrado Cora\u00e7\u00e3o de Jesus)<br \/>\n08\/08 | 19h &#8211; Pe. Miguel \u00c2ngelo (Comunidade Nossa Senhora Aparecida)<br \/>\n09\/08 | 19h &#8211; Dom Bernardino Marchi\u00f3<br \/>\n10\/08 | 19h &#8211; Pe. Adenilton Mois\u00e9s (Par\u00f3quia Nossa Senhora das Gra\u00e7as \u2013 Gravat\u00e1)<br \/>\n11\/08 | 19h &#8211; Pe. Alexsandro Jorge (Par\u00f3quia S\u00e3o Jos\u00e9)<br \/>\n12\/08 | 19h &#8211; Pe. Erandi Expedito (Semin\u00e1rio Interdiocesano de Nossa Senhora das Dores)<br \/>\n13\/08 | 19h &#8211; Pe. Zenilson Tib\u00facio (Catedral Nossa Senhora das Dores)<br \/>\n14\/08 | 19h &#8211; Pe. Augusto Fagn\u00ea (Par\u00f3quia Nossa Senhora da Assun\u00e7\u00e3o)<br \/>\n15\/08 | 19h &#8211; Pe. F\u00e1bio Farias (Par\u00f3quia Nossa Senhora da Boa Viagem \u2013 Recife)<br \/>\n16\/08 | 8h &#8211; Pe. Alu\u00edzio Ricardo (Semin\u00e1rio Interdiocesano de Nossa Senhora das Dores)<br \/>\n16\/08 | 16h &#8211; Dom Jos\u00e9 Ruy<\/p>\n","protected":false},"excerpt":{"rendered":"<p>A par\u00f3quia de Nossa Senhora da Assun\u00e7\u00e3o, em Caruaru, celebrar\u00e1 a festa de sua padroeira de 6 a 16 de&hellip;<\/p>\n","protected":false},"author":1,"featured_media":59722,"comment_status":"open","ping_status":"open","sticky":false,"template":"","format":"standard","meta":{"footnotes":""},"categories":[14120],"tags":[2,16881,19126],"class_list":["post-59718","post","type-post","status-publish","format-standard","has-post-thumbnail","hentry","category-noticias","tag-blog-do-edvaldo-magalhaes","tag-caruaru-e-regiao","tag-festa-de-nossa-senhora-da-assuncao-em-caruaru-de-6-a-16-de-agosto-fieis-participarao-por-agendamento"],"_links":{"self":[{"href":"https:\/\/blogdoedvaldomagalhaes.com.br\/index.php\/wp-json\/wp\/v2\/posts\/59718","targetHints":{"allow":["GET"]}}],"collection":[{"href":"https:\/\/blogdoedvaldomagalhaes.com.br\/index.php\/wp-json\/wp\/v2\/posts"}],"about":[{"href":"https:\/\/blogdoedvaldomagalhaes.com.br\/index.php\/wp-json\/wp\/v2\/types\/post"}],"author":[{"embeddable":true,"href":"https:\/\/blogdoedvaldomagalhaes.com.br\/index.php\/wp-json\/wp\/v2\/users\/1"}],"replies":[{"embeddable":true,"href":"https:\/\/blogdoedvaldomagalhaes.com.br\/index.php\/wp-json\/wp\/v2\/comments?post=59718"}],"version-history":[{"count":2,"href":"https:\/\/blogdoedvaldomagalhaes.com.br\/index.php\/wp-json\/wp\/v2\/posts\/59718\/revisions"}],"predecessor-version":[{"id":59721,"href":"https:\/\/blogdoedvaldomagalhaes.com.br\/index.php\/wp-json\/wp\/v2\/posts\/59718\/revisions\/59721"}],"wp:featuredmedia":[{"embeddable":true,"href":"https:\/\/blogdoedvaldomagalhaes.com.br\/index.php\/wp-json\/wp\/v2\/media\/59722"}],"wp:attachment":[{"href":"https:\/\/blogdoedvaldomagalhaes.com.br\/index.php\/wp-json\/wp\/v2\/media?parent=59718"}],"wp:term":[{"taxonomy":"category","embeddable":true,"href":"https:\/\/blogdoedvaldomagalhaes.com.br\/index.php\/wp-json\/wp\/v2\/categories?post=59718"},{"taxonomy":"post_tag","embeddable":true,"href":"https:\/\/blogdoedvaldomagalhaes.com.br\/index.php\/wp-json\/wp\/v2\/tags?post=59718"}],"curies":[{"name":"wp","href":"https:\/\/api.w.org\/{rel}","templated":true}]}}