{"id":59714,"date":"2020-08-05T08:25:06","date_gmt":"2020-08-05T11:25:06","guid":{"rendered":"https:\/\/blogdoedvaldomagalhaes.com.br\/?p=59714"},"modified":"2020-08-05T08:25:13","modified_gmt":"2020-08-05T11:25:13","slug":"feira-da-agricultura-familiar-de-caruaru-em-novo-local-temporario","status":"publish","type":"post","link":"https:\/\/blogdoedvaldomagalhaes.com.br\/index.php\/2020\/08\/05\/feira-da-agricultura-familiar-de-caruaru-em-novo-local-temporario\/","title":{"rendered":"Feira da Agricultura Familiar de Caruaru em novo local tempor\u00e1rio"},"content":{"rendered":"<p style=\"text-align: justify;\"><span style=\"font-size: inherit;\">A Secretaria de Sustentabilidade e Desenvolvimento Rural informa que a feira da agricultura familiar passar\u00e1 a acontecer no P\u00e1tio de Eventos Luiz Lua Gonzaga, a partir desta quinta-feira (06). A mudan\u00e7a \u00e9 necess\u00e1ria por conta da requalifica\u00e7\u00e3o da Esta\u00e7\u00e3o Ferrovi\u00e1ria e tamb\u00e9m para garantir mais conforto e comodidade aos compradores e feirantes . A feira continuar\u00e1 acontecendo sempre \u00e0s quintas-feiras, das 5h as 12h.<\/span><\/p>\n\n\n<figure class=\"wp-block-image size-large\"><img loading=\"lazy\" decoding=\"async\" width=\"768\" height=\"960\" src=\"https:\/\/blogdoedvaldomagalhaes.com.br\/wp-content\/uploads\/2020\/08\/IMG-20200804-WA0071.jpg\" alt=\"\" class=\"wp-image-59715\" srcset=\"https:\/\/blogdoedvaldomagalhaes.com.br\/wp-content\/uploads\/2020\/08\/IMG-20200804-WA0071.jpg 768w, https:\/\/blogdoedvaldomagalhaes.com.br\/wp-content\/uploads\/2020\/08\/IMG-20200804-WA0071-240x300.jpg 240w\" sizes=\"auto, (max-width: 768px) 100vw, 768px\" \/><\/figure>\n","protected":false},"excerpt":{"rendered":"<p>A Secretaria de Sustentabilidade e Desenvolvimento Rural informa que a feira da agricultura familiar passar\u00e1 a acontecer no P\u00e1tio de&hellip;<\/p>\n","protected":false},"author":1,"featured_media":59716,"comment_status":"open","ping_status":"open","sticky":false,"template":"","format":"standard","meta":{"footnotes":""},"categories":[14120],"tags":[2,16881,19125],"class_list":["post-59714","post","type-post","status-publish","format-standard","has-post-thumbnail","hentry","category-noticias","tag-blog-do-edvaldo-magalhaes","tag-caruaru-e-regiao","tag-feira-da-agricultura-familiar-de-caruaru-em-novo-local-temporario"],"_links":{"self":[{"href":"https:\/\/blogdoedvaldomagalhaes.com.br\/index.php\/wp-json\/wp\/v2\/posts\/59714","targetHints":{"allow":["GET"]}}],"collection":[{"href":"https:\/\/blogdoedvaldomagalhaes.com.br\/index.php\/wp-json\/wp\/v2\/posts"}],"about":[{"href":"https:\/\/blogdoedvaldomagalhaes.com.br\/index.php\/wp-json\/wp\/v2\/types\/post"}],"author":[{"embeddable":true,"href":"https:\/\/blogdoedvaldomagalhaes.com.br\/index.php\/wp-json\/wp\/v2\/users\/1"}],"replies":[{"embeddable":true,"href":"https:\/\/blogdoedvaldomagalhaes.com.br\/index.php\/wp-json\/wp\/v2\/comments?post=59714"}],"version-history":[{"count":1,"href":"https:\/\/blogdoedvaldomagalhaes.com.br\/index.php\/wp-json\/wp\/v2\/posts\/59714\/revisions"}],"predecessor-version":[{"id":59717,"href":"https:\/\/blogdoedvaldomagalhaes.com.br\/index.php\/wp-json\/wp\/v2\/posts\/59714\/revisions\/59717"}],"wp:featuredmedia":[{"embeddable":true,"href":"https:\/\/blogdoedvaldomagalhaes.com.br\/index.php\/wp-json\/wp\/v2\/media\/59716"}],"wp:attachment":[{"href":"https:\/\/blogdoedvaldomagalhaes.com.br\/index.php\/wp-json\/wp\/v2\/media?parent=59714"}],"wp:term":[{"taxonomy":"category","embeddable":true,"href":"https:\/\/blogdoedvaldomagalhaes.com.br\/index.php\/wp-json\/wp\/v2\/categories?post=59714"},{"taxonomy":"post_tag","embeddable":true,"href":"https:\/\/blogdoedvaldomagalhaes.com.br\/index.php\/wp-json\/wp\/v2\/tags?post=59714"}],"curies":[{"name":"wp","href":"https:\/\/api.w.org\/{rel}","templated":true}]}}