{"id":59709,"date":"2020-08-04T23:31:52","date_gmt":"2020-08-05T02:31:52","guid":{"rendered":"https:\/\/blogdoedvaldomagalhaes.com.br\/?p=59709"},"modified":"2020-08-04T23:36:53","modified_gmt":"2020-08-05T02:36:53","slug":"confeccao-de-1a-e-2a-via-e-entrega-das-identidades-ocorrem-na-escola-tecnica-de-caruaru","status":"publish","type":"post","link":"https:\/\/blogdoedvaldomagalhaes.com.br\/index.php\/2020\/08\/04\/confeccao-de-1a-e-2a-via-e-entrega-das-identidades-ocorrem-na-escola-tecnica-de-caruaru\/","title":{"rendered":"Confec\u00e7\u00e3o de 1\u00aa e 2\u00aa via e entrega das  identidades ocorrem na Escola T\u00e9cnica de Caruaru"},"content":{"rendered":"<p style=\"text-align: justify;\">O agendamento para fazer 1\u00aa E 2\u00aa via e recebimento de RG \u00e9 pelo https:\/\/pecidadao.pe.gov.br\/#\/agendamento<br \/>\nA confec\u00e7\u00e3o e a entrega das identidades n\u00e3o est\u00e3o sendo feitas no Expresso Cidad\u00e3o Caruaru.\u00a0 O novo local \u00e9\u00a0 a ETE &#8211; Escola T\u00e9cnica Estadual MINISTRO FERNANDO LIRA, localizado no bairro Cidade Alta. Essa escola fica pr\u00f3xima ao Hotel Village, do outro lado da BR 232.<\/p>\n<p style=\"text-align: justify;\">Uma linha de \u00f4nibus da empresa Tabosa, atende a ETE &#8211; Escola T\u00e9cnica Estadual MINISTRO FERNANDO LIRA.<\/p>\n","protected":false},"excerpt":{"rendered":"<p>O agendamento para fazer 1\u00aa E 2\u00aa via e recebimento de RG \u00e9 pelo https:\/\/pecidadao.pe.gov.br\/#\/agendamento A confec\u00e7\u00e3o e a entrega&hellip;<\/p>\n","protected":false},"author":1,"featured_media":59711,"comment_status":"open","ping_status":"open","sticky":false,"template":"","format":"standard","meta":{"footnotes":""},"categories":[14120],"tags":[2,16881],"class_list":["post-59709","post","type-post","status-publish","format-standard","has-post-thumbnail","hentry","category-noticias","tag-blog-do-edvaldo-magalhaes","tag-caruaru-e-regiao"],"_links":{"self":[{"href":"https:\/\/blogdoedvaldomagalhaes.com.br\/index.php\/wp-json\/wp\/v2\/posts\/59709","targetHints":{"allow":["GET"]}}],"collection":[{"href":"https:\/\/blogdoedvaldomagalhaes.com.br\/index.php\/wp-json\/wp\/v2\/posts"}],"about":[{"href":"https:\/\/blogdoedvaldomagalhaes.com.br\/index.php\/wp-json\/wp\/v2\/types\/post"}],"author":[{"embeddable":true,"href":"https:\/\/blogdoedvaldomagalhaes.com.br\/index.php\/wp-json\/wp\/v2\/users\/1"}],"replies":[{"embeddable":true,"href":"https:\/\/blogdoedvaldomagalhaes.com.br\/index.php\/wp-json\/wp\/v2\/comments?post=59709"}],"version-history":[{"count":3,"href":"https:\/\/blogdoedvaldomagalhaes.com.br\/index.php\/wp-json\/wp\/v2\/posts\/59709\/revisions"}],"predecessor-version":[{"id":59713,"href":"https:\/\/blogdoedvaldomagalhaes.com.br\/index.php\/wp-json\/wp\/v2\/posts\/59709\/revisions\/59713"}],"wp:featuredmedia":[{"embeddable":true,"href":"https:\/\/blogdoedvaldomagalhaes.com.br\/index.php\/wp-json\/wp\/v2\/media\/59711"}],"wp:attachment":[{"href":"https:\/\/blogdoedvaldomagalhaes.com.br\/index.php\/wp-json\/wp\/v2\/media?parent=59709"}],"wp:term":[{"taxonomy":"category","embeddable":true,"href":"https:\/\/blogdoedvaldomagalhaes.com.br\/index.php\/wp-json\/wp\/v2\/categories?post=59709"},{"taxonomy":"post_tag","embeddable":true,"href":"https:\/\/blogdoedvaldomagalhaes.com.br\/index.php\/wp-json\/wp\/v2\/tags?post=59709"}],"curies":[{"name":"wp","href":"https:\/\/api.w.org\/{rel}","templated":true}]}}