{"id":59705,"date":"2020-08-04T21:11:27","date_gmt":"2020-08-05T00:11:27","guid":{"rendered":"https:\/\/blogdoedvaldomagalhaes.com.br\/?p=59705"},"modified":"2020-08-04T21:11:33","modified_gmt":"2020-08-05T00:11:33","slug":"explosao-em-beirute-deixa-mais-de-70-mortos-e-4-mil-feridos-diz-governo-libanes","status":"publish","type":"post","link":"https:\/\/blogdoedvaldomagalhaes.com.br\/index.php\/2020\/08\/04\/explosao-em-beirute-deixa-mais-de-70-mortos-e-4-mil-feridos-diz-governo-libanes\/","title":{"rendered":"Explos\u00e3o em Beirute deixa mais de 70 mortos e 4 mil feridos, diz governo liban\u00eas"},"content":{"rendered":"<p>Nesta ter\u00e7a-feira (04), duas fortes explos\u00f5es abalaram a zona do porto de Beirute, capital do L\u00edbano, causando pelo menos 78 mortos e quatro mil feridos, relatou o ministro da sa\u00fade liban\u00eas.<\/p>\n<p style=\"text-align: justify;\">De acordo com o governo liban\u00eas, foram contabilizados at\u00e9 o momento, cerca de 4 mil feridos e 78 mortos. Ainda n\u00e3o se sabe a causa do epis\u00f3dio, mas a imprensa local trata como um acidente de enormes propor\u00e7\u00f5es.<\/p>\n<p style=\"text-align: justify;\">Abbas Ibrahim, diretor do Departamento de Seguran\u00e7a do L\u00edbano afirmou, que provavelmente o acidente aconteceu devido a um inc\u00eandio em um dep\u00f3sito que guardava materiais explosivos confiscados pelo governo. &#8220;Parece que h\u00e1 um armaz\u00e9m contendo materiais confiscados h\u00e1 anos, e parece que eram materiais muito explosivos&#8221;, disse Abbas a imprensa.<\/p>\n\n\n<figure class=\"wp-block-image size-large\"><img loading=\"lazy\" decoding=\"async\" width=\"820\" height=\"545\" src=\"https:\/\/blogdoedvaldomagalhaes.com.br\/wp-content\/uploads\/2020\/08\/image.jpeg\" alt=\"\" class=\"wp-image-59707\" srcset=\"https:\/\/blogdoedvaldomagalhaes.com.br\/wp-content\/uploads\/2020\/08\/image.jpeg 820w, https:\/\/blogdoedvaldomagalhaes.com.br\/wp-content\/uploads\/2020\/08\/image-300x199.jpeg 300w, https:\/\/blogdoedvaldomagalhaes.com.br\/wp-content\/uploads\/2020\/08\/image-768x510.jpeg 768w\" sizes=\"auto, (max-width: 820px) 100vw, 820px\" \/><figcaption>Fotos: Reprodu\u00e7\u00e3o\/Twitter<\/figcaption><\/figure>\n","protected":false},"excerpt":{"rendered":"<p>Nesta ter\u00e7a-feira (04), duas fortes explos\u00f5es abalaram a zona do porto de Beirute, capital do L\u00edbano, causando pelo menos 78&hellip;<\/p>\n","protected":false},"author":1,"featured_media":59706,"comment_status":"open","ping_status":"open","sticky":false,"template":"","format":"standard","meta":{"footnotes":""},"categories":[14120],"tags":[2,16881,19123,19122],"class_list":["post-59705","post","type-post","status-publish","format-standard","has-post-thumbnail","hentry","category-noticias","tag-blog-do-edvaldo-magalhaes","tag-caruaru-e-regiao","tag-diz-governo-libanes","tag-explosao-em-beirute-deixa-mais-de-70-mortos-e-4-mil-feridos"],"_links":{"self":[{"href":"https:\/\/blogdoedvaldomagalhaes.com.br\/index.php\/wp-json\/wp\/v2\/posts\/59705","targetHints":{"allow":["GET"]}}],"collection":[{"href":"https:\/\/blogdoedvaldomagalhaes.com.br\/index.php\/wp-json\/wp\/v2\/posts"}],"about":[{"href":"https:\/\/blogdoedvaldomagalhaes.com.br\/index.php\/wp-json\/wp\/v2\/types\/post"}],"author":[{"embeddable":true,"href":"https:\/\/blogdoedvaldomagalhaes.com.br\/index.php\/wp-json\/wp\/v2\/users\/1"}],"replies":[{"embeddable":true,"href":"https:\/\/blogdoedvaldomagalhaes.com.br\/index.php\/wp-json\/wp\/v2\/comments?post=59705"}],"version-history":[{"count":1,"href":"https:\/\/blogdoedvaldomagalhaes.com.br\/index.php\/wp-json\/wp\/v2\/posts\/59705\/revisions"}],"predecessor-version":[{"id":59708,"href":"https:\/\/blogdoedvaldomagalhaes.com.br\/index.php\/wp-json\/wp\/v2\/posts\/59705\/revisions\/59708"}],"wp:featuredmedia":[{"embeddable":true,"href":"https:\/\/blogdoedvaldomagalhaes.com.br\/index.php\/wp-json\/wp\/v2\/media\/59706"}],"wp:attachment":[{"href":"https:\/\/blogdoedvaldomagalhaes.com.br\/index.php\/wp-json\/wp\/v2\/media?parent=59705"}],"wp:term":[{"taxonomy":"category","embeddable":true,"href":"https:\/\/blogdoedvaldomagalhaes.com.br\/index.php\/wp-json\/wp\/v2\/categories?post=59705"},{"taxonomy":"post_tag","embeddable":true,"href":"https:\/\/blogdoedvaldomagalhaes.com.br\/index.php\/wp-json\/wp\/v2\/tags?post=59705"}],"curies":[{"name":"wp","href":"https:\/\/api.w.org\/{rel}","templated":true}]}}