{"id":597,"date":"2018-11-27T23:33:00","date_gmt":"2018-11-28T01:33:00","guid":{"rendered":"http:\/\/blogdoedvaldomagalhaes.com.br\/index.php\/2018\/11\/27\/caruaru-participa-de-semana-nacional-de\/"},"modified":"2019-02-09T02:43:14","modified_gmt":"2019-02-09T04:43:14","slug":"caruaru-participa-de-semana-nacional-de","status":"publish","type":"post","link":"https:\/\/blogdoedvaldomagalhaes.com.br\/index.php\/2018\/11\/27\/caruaru-participa-de-semana-nacional-de\/","title":{"rendered":"Caruaru participa de Semana Nacional de Mobiliza\u00e7\u00e3o contra o Aedes aegypti"},"content":{"rendered":"<div class=\"separator\" style=\"clear: both; text-align: center;\">\n<a href=\"https:\/\/4.bp.blogspot.com\/-RPtzOjhjHSA\/W_3UFMaASbI\/AAAAAAAA-eo\/wyI_aThc2HkpI7MrO92Wbj9TSFkOHiuFACLcBGAs\/s1600\/caruaru.jpg\" imageanchor=\"1\" style=\"margin-left: 1em; margin-right: 1em;\"><img loading=\"lazy\" decoding=\"async\" border=\"0\" data-original-height=\"501\" data-original-width=\"754\" height=\"424\" src=\"http:\/\/blogdoedvaldomagalhaes.com.br\/wp-content\/uploads\/2018\/11\/caruaru.jpg\" width=\"640\" \/><\/a><\/div>\n<div style=\"text-align: justify;\">\n<\/div>\n<div style=\"text-align: justify;\">\nA Secretaria de Sa\u00fade de Caruaru, atrav\u00e9s do Departamento de Vigil\u00e2ncia em Sa\u00fade, realiza at\u00e9 sexta-feira (30), a Semana Nacional de Combate ao Aedes aegypti com foco para a preven\u00e7\u00e3o \u00e0s tr\u00eas doen\u00e7as causadas pelo mosquito: dengue, zika e chikungunya.<\/div>\n<div style=\"text-align: justify;\">\n<\/div>\n<div style=\"text-align: justify;\">\nEntre as atividades planejadas est\u00e3o visitas domiciliares, distribui\u00e7\u00e3o de materiais informativos e educativos, rodas de conversa com a comunidade e nas escolas, entre outros.<\/div>\n<div style=\"text-align: justify;\">\n<\/div>\n","protected":false},"excerpt":{"rendered":"<p>A Secretaria de Sa\u00fade de Caruaru, atrav\u00e9s do Departamento de Vigil\u00e2ncia em Sa\u00fade, realiza at\u00e9 sexta-feira (30), a Semana Nacional&hellip;<\/p>\n","protected":false},"author":1,"featured_media":0,"comment_status":"open","ping_status":"open","sticky":false,"template":"","format":"standard","meta":{"footnotes":""},"categories":[1],"tags":[2,517,6],"class_list":["post-597","post","type-post","status-publish","format-standard","hentry","category-sem-categoria","tag-blog-do-edvaldo-magalhaes","tag-caruaru-participa-de-semana-nacional-de-mobilizacao-contra-o-aedes-aegypti","tag-noticias"],"_links":{"self":[{"href":"https:\/\/blogdoedvaldomagalhaes.com.br\/index.php\/wp-json\/wp\/v2\/posts\/597","targetHints":{"allow":["GET"]}}],"collection":[{"href":"https:\/\/blogdoedvaldomagalhaes.com.br\/index.php\/wp-json\/wp\/v2\/posts"}],"about":[{"href":"https:\/\/blogdoedvaldomagalhaes.com.br\/index.php\/wp-json\/wp\/v2\/types\/post"}],"author":[{"embeddable":true,"href":"https:\/\/blogdoedvaldomagalhaes.com.br\/index.php\/wp-json\/wp\/v2\/users\/1"}],"replies":[{"embeddable":true,"href":"https:\/\/blogdoedvaldomagalhaes.com.br\/index.php\/wp-json\/wp\/v2\/comments?post=597"}],"version-history":[{"count":1,"href":"https:\/\/blogdoedvaldomagalhaes.com.br\/index.php\/wp-json\/wp\/v2\/posts\/597\/revisions"}],"predecessor-version":[{"id":36225,"href":"https:\/\/blogdoedvaldomagalhaes.com.br\/index.php\/wp-json\/wp\/v2\/posts\/597\/revisions\/36225"}],"wp:attachment":[{"href":"https:\/\/blogdoedvaldomagalhaes.com.br\/index.php\/wp-json\/wp\/v2\/media?parent=597"}],"wp:term":[{"taxonomy":"category","embeddable":true,"href":"https:\/\/blogdoedvaldomagalhaes.com.br\/index.php\/wp-json\/wp\/v2\/categories?post=597"},{"taxonomy":"post_tag","embeddable":true,"href":"https:\/\/blogdoedvaldomagalhaes.com.br\/index.php\/wp-json\/wp\/v2\/tags?post=597"}],"curies":[{"name":"wp","href":"https:\/\/api.w.org\/{rel}","templated":true}]}}