{"id":596,"date":"2018-11-28T01:01:00","date_gmt":"2018-11-28T03:01:00","guid":{"rendered":"http:\/\/blogdoedvaldomagalhaes.com.br\/index.php\/2018\/11\/28\/entidades-criam-campanha-para-valorizar\/"},"modified":"2019-02-09T02:43:15","modified_gmt":"2019-02-09T04:43:15","slug":"entidades-criam-campanha-para-valorizar","status":"publish","type":"post","link":"https:\/\/blogdoedvaldomagalhaes.com.br\/index.php\/2018\/11\/28\/entidades-criam-campanha-para-valorizar\/","title":{"rendered":"Entidades criam campanha para valorizar policial militar"},"content":{"rendered":"<div class=\"separator\" style=\"clear: both; text-align: center;\">\n<a href=\"https:\/\/2.bp.blogspot.com\/-kGepEPYy23Y\/W_3n3GFYgqI\/AAAAAAAA-fI\/QN1ryCFnPAEtYJPlAWT0SI_1xlsNBexnQCLcBGAs\/s1600\/IMG-20181127-WA0404.jpg\" imageanchor=\"1\" style=\"margin-left: 1em; margin-right: 1em;\"><img loading=\"lazy\" decoding=\"async\" border=\"0\" data-original-height=\"927\" data-original-width=\"1280\" height=\"462\" src=\"http:\/\/blogdoedvaldomagalhaes.com.br\/wp-content\/uploads\/2018\/11\/IMG-20181127-WA0404.jpg\" width=\"640\" \/><\/a><\/div>\n<div style=\"text-align: justify;\">\nNesta quarta-feira (28), \u00e0s 12h, na sede da C\u00e2mara dos Dirigentes Lojistas de Caruaru (CDL) ser\u00e1 lan\u00e7ada a Campanha de Valoriza\u00e7\u00e3o do Policial Militar. A iniciativa in\u00e9dita tem como objetivo aproximar o policial militar dos lojistas, por meio do acolhimento desses profissionais por parte dos estabelecimentos comerciais da cidade.&nbsp;<\/div>\n<div style=\"text-align: justify;\">\n<\/div>\n<div style=\"text-align: justify;\">\nNa oportunidade, ser\u00e3o distribu\u00eddos adesivos e cartazes entre os lojistas parceiros da a\u00e7\u00e3o. A Campanha foi idealizada pelo Centro de Assist\u00eancia Social da Policia Militar (CAS), atrav\u00e9s do 4\u00ba Batalh\u00e3o da Pol\u00edcia Militar e do 1\u00ba Batalh\u00e3o Integrado Especializado de Policiamento (BIESP), e conta com o apoio da &nbsp;Associa\u00e7\u00e3o Comercial e Empresarial de Caruaru (Acic), da C\u00e2mara de Dirigentes Lojistas (CDL) e do Sindicato dos Lojistas do Com\u00e9rcio de Caruaru (Sindloja).<\/div>\n<div style=\"text-align: justify;\">\n<\/div>\n","protected":false},"excerpt":{"rendered":"<p>Nesta quarta-feira (28), \u00e0s 12h, na sede da C\u00e2mara dos Dirigentes Lojistas de Caruaru (CDL) ser\u00e1 lan\u00e7ada a Campanha de&hellip;<\/p>\n","protected":false},"author":1,"featured_media":0,"comment_status":"open","ping_status":"open","sticky":false,"template":"","format":"standard","meta":{"footnotes":""},"categories":[1],"tags":[2,516,6],"class_list":["post-596","post","type-post","status-publish","format-standard","hentry","category-sem-categoria","tag-blog-do-edvaldo-magalhaes","tag-entidades-criam-campanha-para-valorizar-policial-militar","tag-noticias"],"_links":{"self":[{"href":"https:\/\/blogdoedvaldomagalhaes.com.br\/index.php\/wp-json\/wp\/v2\/posts\/596","targetHints":{"allow":["GET"]}}],"collection":[{"href":"https:\/\/blogdoedvaldomagalhaes.com.br\/index.php\/wp-json\/wp\/v2\/posts"}],"about":[{"href":"https:\/\/blogdoedvaldomagalhaes.com.br\/index.php\/wp-json\/wp\/v2\/types\/post"}],"author":[{"embeddable":true,"href":"https:\/\/blogdoedvaldomagalhaes.com.br\/index.php\/wp-json\/wp\/v2\/users\/1"}],"replies":[{"embeddable":true,"href":"https:\/\/blogdoedvaldomagalhaes.com.br\/index.php\/wp-json\/wp\/v2\/comments?post=596"}],"version-history":[{"count":1,"href":"https:\/\/blogdoedvaldomagalhaes.com.br\/index.php\/wp-json\/wp\/v2\/posts\/596\/revisions"}],"predecessor-version":[{"id":36227,"href":"https:\/\/blogdoedvaldomagalhaes.com.br\/index.php\/wp-json\/wp\/v2\/posts\/596\/revisions\/36227"}],"wp:attachment":[{"href":"https:\/\/blogdoedvaldomagalhaes.com.br\/index.php\/wp-json\/wp\/v2\/media?parent=596"}],"wp:term":[{"taxonomy":"category","embeddable":true,"href":"https:\/\/blogdoedvaldomagalhaes.com.br\/index.php\/wp-json\/wp\/v2\/categories?post=596"},{"taxonomy":"post_tag","embeddable":true,"href":"https:\/\/blogdoedvaldomagalhaes.com.br\/index.php\/wp-json\/wp\/v2\/tags?post=596"}],"curies":[{"name":"wp","href":"https:\/\/api.w.org\/{rel}","templated":true}]}}