{"id":59586,"date":"2020-08-02T11:57:17","date_gmt":"2020-08-02T14:57:17","guid":{"rendered":"https:\/\/blogdoedvaldomagalhaes.com.br\/?p=59586"},"modified":"2020-08-02T11:57:32","modified_gmt":"2020-08-02T14:57:32","slug":"pm-prende-13-pessoas-aglomeradas-e-sem-uso-de-mascaras-em-uma-rinha-de-briga-de-galos","status":"publish","type":"post","link":"https:\/\/blogdoedvaldomagalhaes.com.br\/index.php\/2020\/08\/02\/pm-prende-13-pessoas-aglomeradas-e-sem-uso-de-mascaras-em-uma-rinha-de-briga-de-galos\/","title":{"rendered":"PM prende 13 pessoas aglomeradas e sem uso de m\u00e1scaras em uma rinha de briga de galos"},"content":{"rendered":"<p style=\"text-align: justify;\"><span style=\"font-size: inherit;\">Policiais militares do 3\u00ba BPM, em opera\u00e7\u00e3o conjunta com a Vigil\u00e2ncia Sanit\u00e1ria e a Guarda Civil Municipal, conduziram 13 pessoas que estavam aglomeradas e sem uso de m\u00e1scaras, em uma rinha de briga de galos, na Rua Jo\u00e3o Alves da Silva, no Alto do Rio Branco, em Sert\u00e2nia. O flagrante ocorreu no in\u00edcio da noite deste s\u00e1bado (01\/08).<\/span><\/p>\n<p style=\"text-align: justify;\">No local, foi esse apreendido um rebolo, que \u00e9 um apetrecho utilizado para os galos brigarem. E, com um dos frequentadores, uma faca peixeira de 10 polegadas. Dois animais, feridos de combates recentes, tamb\u00e9m foram resgatados. Diante dos fatos, todo o grupo foi levado para a Delegacia de Pol\u00edcia Civil do munic\u00edpio para a tomada das medidas cab\u00edveis.<\/p>\n","protected":false},"excerpt":{"rendered":"<p>Policiais militares do 3\u00ba BPM, em opera\u00e7\u00e3o conjunta com a Vigil\u00e2ncia Sanit\u00e1ria e a Guarda Civil Municipal, conduziram 13 pessoas&hellip;<\/p>\n","protected":false},"author":1,"featured_media":59587,"comment_status":"open","ping_status":"open","sticky":false,"template":"","format":"standard","meta":{"footnotes":""},"categories":[14121],"tags":[2,16881,19090,8778,11796],"class_list":["post-59586","post","type-post","status-publish","format-standard","has-post-thumbnail","hentry","category-policial","tag-blog-do-edvaldo-magalhaes","tag-caruaru-e-regiao","tag-pm-prende-13-pessoas-aglomeradas-e-sem-uso-de-mascaras-em-uma-rinha-de-briga-de-galos","tag-sertania","tag-sertao-de-pernambuco"],"_links":{"self":[{"href":"https:\/\/blogdoedvaldomagalhaes.com.br\/index.php\/wp-json\/wp\/v2\/posts\/59586","targetHints":{"allow":["GET"]}}],"collection":[{"href":"https:\/\/blogdoedvaldomagalhaes.com.br\/index.php\/wp-json\/wp\/v2\/posts"}],"about":[{"href":"https:\/\/blogdoedvaldomagalhaes.com.br\/index.php\/wp-json\/wp\/v2\/types\/post"}],"author":[{"embeddable":true,"href":"https:\/\/blogdoedvaldomagalhaes.com.br\/index.php\/wp-json\/wp\/v2\/users\/1"}],"replies":[{"embeddable":true,"href":"https:\/\/blogdoedvaldomagalhaes.com.br\/index.php\/wp-json\/wp\/v2\/comments?post=59586"}],"version-history":[{"count":1,"href":"https:\/\/blogdoedvaldomagalhaes.com.br\/index.php\/wp-json\/wp\/v2\/posts\/59586\/revisions"}],"predecessor-version":[{"id":59588,"href":"https:\/\/blogdoedvaldomagalhaes.com.br\/index.php\/wp-json\/wp\/v2\/posts\/59586\/revisions\/59588"}],"wp:featuredmedia":[{"embeddable":true,"href":"https:\/\/blogdoedvaldomagalhaes.com.br\/index.php\/wp-json\/wp\/v2\/media\/59587"}],"wp:attachment":[{"href":"https:\/\/blogdoedvaldomagalhaes.com.br\/index.php\/wp-json\/wp\/v2\/media?parent=59586"}],"wp:term":[{"taxonomy":"category","embeddable":true,"href":"https:\/\/blogdoedvaldomagalhaes.com.br\/index.php\/wp-json\/wp\/v2\/categories?post=59586"},{"taxonomy":"post_tag","embeddable":true,"href":"https:\/\/blogdoedvaldomagalhaes.com.br\/index.php\/wp-json\/wp\/v2\/tags?post=59586"}],"curies":[{"name":"wp","href":"https:\/\/api.w.org\/{rel}","templated":true}]}}