{"id":59580,"date":"2020-08-02T11:25:17","date_gmt":"2020-08-02T14:25:17","guid":{"rendered":"https:\/\/blogdoedvaldomagalhaes.com.br\/?p=59580"},"modified":"2020-08-02T11:25:55","modified_gmt":"2020-08-02T14:25:55","slug":"carga-de-eletronicos-roubada-e-recuperada-em-paudalho","status":"publish","type":"post","link":"https:\/\/blogdoedvaldomagalhaes.com.br\/index.php\/2020\/08\/02\/carga-de-eletronicos-roubada-e-recuperada-em-paudalho\/","title":{"rendered":"Carga de eletr\u00f4nicos roubada \u00e9 recuperada em Paudalho"},"content":{"rendered":"<p style=\"text-align: justify;\"><span style=\"font-size: inherit;\">Uma carga roubada de eletr\u00f4nicos e alimentos foi recuperada nesse s\u00e1bado (1\u00b0) pela Pol\u00edcia Rodovi\u00e1ria Federal (PRF), \u00e0s margens da BR 428, em Paudalho, na Zona da Mata de Pernambuco. O caminh\u00e3o que transportava a mercadoria havia sido abordado por homens armados em uma caminhonete e um carro no mesmo munic\u00edpio.<\/span><\/p>\n<p style=\"text-align: justify;\">A Central da PRF recebeu informa\u00e7\u00f5es de que um caminh\u00e3o havia sido roubado e acionou uma equipe para localizar o ve\u00edculo. Ao chegarem em um canavial pr\u00f3ximo da rodovia, os policias localizaram o ve\u00edculo com diversas mercadorias espalhadas. Os assaltantes sa\u00edram do local pouco antes da chegada da viatura.<\/p>\n<p style=\"text-align: justify;\">Algum tempo depois, a equipe fez contato com o motorista. Ele disse que havia sido abordado por quatro homens armados e foi deixado em Escada, na Mata Sul de Pernambuco.<\/p>\n<p style=\"text-align: justify;\">O caminh\u00e3o e a carga foram devolvidos ao propriet\u00e1rio, que foi orientado a registrar a ocorr\u00eancia em uma Delegacia da Pol\u00edcia Civil.<\/p>\n\n\n<figure class=\"wp-block-image size-large\"><img loading=\"lazy\" decoding=\"async\" width=\"1024\" height=\"576\" src=\"https:\/\/blogdoedvaldomagalhaes.com.br\/wp-content\/uploads\/2020\/08\/IMG-20200802-WA0036-1024x576.jpg\" alt=\"\" class=\"wp-image-59582\" srcset=\"https:\/\/blogdoedvaldomagalhaes.com.br\/wp-content\/uploads\/2020\/08\/IMG-20200802-WA0036-1024x576.jpg 1024w, https:\/\/blogdoedvaldomagalhaes.com.br\/wp-content\/uploads\/2020\/08\/IMG-20200802-WA0036-300x169.jpg 300w, https:\/\/blogdoedvaldomagalhaes.com.br\/wp-content\/uploads\/2020\/08\/IMG-20200802-WA0036-768x432.jpg 768w, https:\/\/blogdoedvaldomagalhaes.com.br\/wp-content\/uploads\/2020\/08\/IMG-20200802-WA0036-1140x641.jpg 1140w, https:\/\/blogdoedvaldomagalhaes.com.br\/wp-content\/uploads\/2020\/08\/IMG-20200802-WA0036-720x405.jpg 720w, https:\/\/blogdoedvaldomagalhaes.com.br\/wp-content\/uploads\/2020\/08\/IMG-20200802-WA0036.jpg 1280w\" sizes=\"auto, (max-width: 1024px) 100vw, 1024px\" \/><\/figure>\n\n\n\n<figure class=\"wp-block-image size-large\"><img loading=\"lazy\" decoding=\"async\" width=\"1024\" height=\"576\" src=\"https:\/\/blogdoedvaldomagalhaes.com.br\/wp-content\/uploads\/2020\/08\/IMG-20200802-WA0034-1024x576.jpg\" alt=\"\" class=\"wp-image-59583\" srcset=\"https:\/\/blogdoedvaldomagalhaes.com.br\/wp-content\/uploads\/2020\/08\/IMG-20200802-WA0034-1024x576.jpg 1024w, https:\/\/blogdoedvaldomagalhaes.com.br\/wp-content\/uploads\/2020\/08\/IMG-20200802-WA0034-300x169.jpg 300w, https:\/\/blogdoedvaldomagalhaes.com.br\/wp-content\/uploads\/2020\/08\/IMG-20200802-WA0034-768x432.jpg 768w, https:\/\/blogdoedvaldomagalhaes.com.br\/wp-content\/uploads\/2020\/08\/IMG-20200802-WA0034-1140x641.jpg 1140w, https:\/\/blogdoedvaldomagalhaes.com.br\/wp-content\/uploads\/2020\/08\/IMG-20200802-WA0034-720x405.jpg 720w, https:\/\/blogdoedvaldomagalhaes.com.br\/wp-content\/uploads\/2020\/08\/IMG-20200802-WA0034.jpg 1280w\" sizes=\"auto, (max-width: 1024px) 100vw, 1024px\" \/><figcaption>Fotos&#8217; PRF\/Divulga\u00e7\u00e3o<\/figcaption><\/figure>\n","protected":false},"excerpt":{"rendered":"<p>Uma carga roubada de eletr\u00f4nicos e alimentos foi recuperada nesse s\u00e1bado (1\u00b0) pela Pol\u00edcia Rodovi\u00e1ria Federal (PRF), \u00e0s margens da&hellip;<\/p>\n","protected":false},"author":1,"featured_media":59581,"comment_status":"open","ping_status":"open","sticky":false,"template":"","format":"standard","meta":{"footnotes":""},"categories":[14121],"tags":[2,19088,16881,2278],"class_list":["post-59580","post","type-post","status-publish","format-standard","has-post-thumbnail","hentry","category-policial","tag-blog-do-edvaldo-magalhaes","tag-carga-de-eletronicos-roubada-e-recuperada-em-paudalho","tag-caruaru-e-regiao","tag-policia-rodoviaria-federal"],"_links":{"self":[{"href":"https:\/\/blogdoedvaldomagalhaes.com.br\/index.php\/wp-json\/wp\/v2\/posts\/59580","targetHints":{"allow":["GET"]}}],"collection":[{"href":"https:\/\/blogdoedvaldomagalhaes.com.br\/index.php\/wp-json\/wp\/v2\/posts"}],"about":[{"href":"https:\/\/blogdoedvaldomagalhaes.com.br\/index.php\/wp-json\/wp\/v2\/types\/post"}],"author":[{"embeddable":true,"href":"https:\/\/blogdoedvaldomagalhaes.com.br\/index.php\/wp-json\/wp\/v2\/users\/1"}],"replies":[{"embeddable":true,"href":"https:\/\/blogdoedvaldomagalhaes.com.br\/index.php\/wp-json\/wp\/v2\/comments?post=59580"}],"version-history":[{"count":1,"href":"https:\/\/blogdoedvaldomagalhaes.com.br\/index.php\/wp-json\/wp\/v2\/posts\/59580\/revisions"}],"predecessor-version":[{"id":59584,"href":"https:\/\/blogdoedvaldomagalhaes.com.br\/index.php\/wp-json\/wp\/v2\/posts\/59580\/revisions\/59584"}],"wp:featuredmedia":[{"embeddable":true,"href":"https:\/\/blogdoedvaldomagalhaes.com.br\/index.php\/wp-json\/wp\/v2\/media\/59581"}],"wp:attachment":[{"href":"https:\/\/blogdoedvaldomagalhaes.com.br\/index.php\/wp-json\/wp\/v2\/media?parent=59580"}],"wp:term":[{"taxonomy":"category","embeddable":true,"href":"https:\/\/blogdoedvaldomagalhaes.com.br\/index.php\/wp-json\/wp\/v2\/categories?post=59580"},{"taxonomy":"post_tag","embeddable":true,"href":"https:\/\/blogdoedvaldomagalhaes.com.br\/index.php\/wp-json\/wp\/v2\/tags?post=59580"}],"curies":[{"name":"wp","href":"https:\/\/api.w.org\/{rel}","templated":true}]}}