{"id":59567,"date":"2020-08-01T23:13:27","date_gmt":"2020-08-02T02:13:27","guid":{"rendered":"https:\/\/blogdoedvaldomagalhaes.com.br\/?p=59567"},"modified":"2020-08-01T23:13:33","modified_gmt":"2020-08-02T02:13:33","slug":"cecilio-pedro-nao-disputara-reeleicao-e-lanca-esposa-mery-da-saude-como-opcao-para-camara-de-caruaru","status":"publish","type":"post","link":"https:\/\/blogdoedvaldomagalhaes.com.br\/index.php\/2020\/08\/01\/cecilio-pedro-nao-disputara-reeleicao-e-lanca-esposa-mery-da-saude-como-opcao-para-camara-de-caruaru\/","title":{"rendered":"Cec\u00edlio Pedro n\u00e3o disputar\u00e1 reelei\u00e7\u00e3o e lan\u00e7a esposa Mery da Sa\u00fade como op\u00e7\u00e3o para C\u00e2mara de Caruaru"},"content":{"rendered":"<p style=\"text-align: justify;\"><span style=\"font-size: inherit;\">O vereador Cec\u00edlio Pedro (MDB), que est\u00e1 no quarto mandato, promoveu entrevista coletiva, nessa quinta-feira (30), na C\u00e2mara Municipal de Caruaru, anunciou que n\u00e3o vai concorrer \u00e0 elei\u00e7\u00e3o municipal deste ano. A coletiva contou com a participa\u00e7\u00e3o do deputado estadual Romero Sales (PTB).<\/span><\/p>\n<p style=\"text-align: justify;\">Cec\u00edlio Pedro lan\u00e7ou a esposa Mery da Sa\u00fade como pr\u00e9-candidata \u00e0 uma das vagas da C\u00e2mara. No encontro com os jornalistas, ele se mostrou otimista com o novo desafio. \u201cMery tem hist\u00f3ria em prol da sa\u00fade do munic\u00edpio. Ao longo dos \u00faltimos 20 anos, vem prestando os mais variados tipos de servi\u00e7os no tocante a este setor, atrav\u00e9s da Cl\u00ednica Santa Augusta. Ela est\u00e1 preparada para trabalhar ainda mais por Caruaru\u201d.<\/p>\n<p style=\"text-align: justify;\">Filiada ao PSD, Mery afirmou o desejo de ingressar no quadro pol\u00edtico da Capital do Agreste. \u201cNa C\u00e2mara, poderei lutar ainda mais por melhorias para o sistema de sa\u00fade de Caruaru. Conhe\u00e7o bem este setor, sei da import\u00e2ncia do mesmo para a popula\u00e7\u00e3o, e tenho o objetivo de dar a minha contribui\u00e7\u00e3o em prol de seu desenvolvimento\u201d.<\/p>\n\n\n<figure class=\"wp-block-image size-large\"><img loading=\"lazy\" decoding=\"async\" width=\"853\" height=\"568\" src=\"https:\/\/blogdoedvaldomagalhaes.com.br\/wp-content\/uploads\/2020\/08\/FB_IMG_1596334208339.jpg\" alt=\"\" class=\"wp-image-59569\" srcset=\"https:\/\/blogdoedvaldomagalhaes.com.br\/wp-content\/uploads\/2020\/08\/FB_IMG_1596334208339.jpg 853w, https:\/\/blogdoedvaldomagalhaes.com.br\/wp-content\/uploads\/2020\/08\/FB_IMG_1596334208339-300x200.jpg 300w, https:\/\/blogdoedvaldomagalhaes.com.br\/wp-content\/uploads\/2020\/08\/FB_IMG_1596334208339-768x511.jpg 768w\" sizes=\"auto, (max-width: 853px) 100vw, 853px\" \/><\/figure>\n","protected":false},"excerpt":{"rendered":"<p>O vereador Cec\u00edlio Pedro (MDB), que est\u00e1 no quarto mandato, promoveu entrevista coletiva, nessa quinta-feira (30), na C\u00e2mara Municipal de&hellip;<\/p>\n","protected":false},"author":1,"featured_media":59568,"comment_status":"open","ping_status":"open","sticky":false,"template":"","format":"standard","meta":{"footnotes":""},"categories":[14122],"tags":[2,16881,19086],"class_list":["post-59567","post","type-post","status-publish","format-standard","has-post-thumbnail","hentry","category-politica","tag-blog-do-edvaldo-magalhaes","tag-caruaru-e-regiao","tag-cecilio-pedro-nao-disputara-reeleicao-e-lanca-esposa-mery-da-saude-como-opcao-para-camara-de-caruaru"],"_links":{"self":[{"href":"https:\/\/blogdoedvaldomagalhaes.com.br\/index.php\/wp-json\/wp\/v2\/posts\/59567","targetHints":{"allow":["GET"]}}],"collection":[{"href":"https:\/\/blogdoedvaldomagalhaes.com.br\/index.php\/wp-json\/wp\/v2\/posts"}],"about":[{"href":"https:\/\/blogdoedvaldomagalhaes.com.br\/index.php\/wp-json\/wp\/v2\/types\/post"}],"author":[{"embeddable":true,"href":"https:\/\/blogdoedvaldomagalhaes.com.br\/index.php\/wp-json\/wp\/v2\/users\/1"}],"replies":[{"embeddable":true,"href":"https:\/\/blogdoedvaldomagalhaes.com.br\/index.php\/wp-json\/wp\/v2\/comments?post=59567"}],"version-history":[{"count":1,"href":"https:\/\/blogdoedvaldomagalhaes.com.br\/index.php\/wp-json\/wp\/v2\/posts\/59567\/revisions"}],"predecessor-version":[{"id":59570,"href":"https:\/\/blogdoedvaldomagalhaes.com.br\/index.php\/wp-json\/wp\/v2\/posts\/59567\/revisions\/59570"}],"wp:featuredmedia":[{"embeddable":true,"href":"https:\/\/blogdoedvaldomagalhaes.com.br\/index.php\/wp-json\/wp\/v2\/media\/59568"}],"wp:attachment":[{"href":"https:\/\/blogdoedvaldomagalhaes.com.br\/index.php\/wp-json\/wp\/v2\/media?parent=59567"}],"wp:term":[{"taxonomy":"category","embeddable":true,"href":"https:\/\/blogdoedvaldomagalhaes.com.br\/index.php\/wp-json\/wp\/v2\/categories?post=59567"},{"taxonomy":"post_tag","embeddable":true,"href":"https:\/\/blogdoedvaldomagalhaes.com.br\/index.php\/wp-json\/wp\/v2\/tags?post=59567"}],"curies":[{"name":"wp","href":"https:\/\/api.w.org\/{rel}","templated":true}]}}