{"id":59562,"date":"2020-08-01T21:56:59","date_gmt":"2020-08-02T00:56:59","guid":{"rendered":"https:\/\/blogdoedvaldomagalhaes.com.br\/?p=59562"},"modified":"2020-08-01T22:00:39","modified_gmt":"2020-08-02T01:00:39","slug":"pernambuco-tem-mais-1-741-casos-de-covid-19-e-mais-2-605-recuperados","status":"publish","type":"post","link":"https:\/\/blogdoedvaldomagalhaes.com.br\/index.php\/2020\/08\/01\/pernambuco-tem-mais-1-741-casos-de-covid-19-e-mais-2-605-recuperados\/","title":{"rendered":"Pernambuco tem mais 1.741 casos de Covid-19 e mais 2.605 recuperados"},"content":{"rendered":"<p style=\"text-align: justify;\">A Secretaria de Sa\u00fade de Pernambuco (SES-PE) registrou, neste s\u00e1bado (01.08), 1.741 novos casos da Covid-19. Entre os confirmados hoje, apenas 136 (8%) s\u00e3o casos de S\u00edndrome Respirat\u00f3riaAguda Grave (SRAG). Todos os outros 1.605 casos (92%) s\u00e3o leves, ou seja, pacientes quen\u00e3o demandaram internamento hospitalar e que j\u00e1 estavam recuperados, ou na fase final dadoen\u00e7a. Agora<span style=\"font-size: inherit;\">, Pernambuco totaliza 96.746 casos j\u00e1 confirmados, sendo 23.670 graves e 73.076 leves. <\/span><\/p>\n<p style=\"text-align: justify;\"><span style=\"font-size: inherit;\">O boletim de hoje registra que mais 2.605 pacientes se recuperaram da doen\u00e7a. Com isso, o Estado chega a marca de 72.672 recuperados, o que representa 75,1% dototal deinfectados pela Covid-19 em Pernambuco. Destes, 12.863 eram pacientes graves, que necessitaram de internamento hospitalar, e 59.809 eram casos leves. Os <\/span><span style=\"font-size: inherit;\">casos graves confirmados da doen\u00e7a est\u00e3o distribu\u00eddos por 182 munic\u00edpios pernambucanos, al\u00e9m do arquip\u00e9lago de Fernando de Noronha e da ocorr\u00eancia de pacientes e outros Estados e pa\u00edses. <\/span><\/p>\n<p style=\"text-align: justify;\"><span style=\"font-size: inherit;\">Foram confirmados laboratorialmente 40 \u00f3bitos (sendo 17 do sexo feminino e 23 dosexo masculino). Os novos \u00f3bitos confirmados s\u00e3o de pessoas residentes nos munic\u00edpios de Cabo de Santo Agostinho (2), Camaragibe (2), Carpina (1), Caruaru (2), Gravat\u00e1 (2), Ipubi (1), Jaboat\u00e3o dos Guararapes (6), Jupi (1), Nazar\u00e9 da Mata (1), Olinda (5), Ouricuri (1), Palmares(1), Panelas (1), Paulista (2), Recife (6), Riacho das Almas (1), Sanhar\u00f3 (2), Santa Cruz doCapibaribe (1), S\u00e3o Benedito do Sul (1), Sert\u00e2nia (1). Com isso, o Estado totaliza 6.597 mortespela doen\u00e7a. As mortes registradas no boletim de hoje ocorreram entre 16 de abril e 31 de julho. Do total de mortes do informe de hoje, 23 (57,5%) ocorreram nos \u00faltimos tr\u00eas dias, sendo 9 mortesregistradas no dia de ontem (sexta-feira, 31\/07), 10 mortes em 30\/07 e 4 em 29\/07. Os outros 17 \u00f3bitos (42,5%) ocorrem entre os dias 16\/04 e 28\/07. Os pacientes tinham idadesentre 31 e 99 anos. As faixas et\u00e1rias s\u00e3o: 30 a 39 (4), 40 a 49 (2), 50 a 59 (1), 60 a 69 (6), 70 a79 (9), 80 anos ou mais (18). Dos 40 pacientes que vieram a \u00f3bito, 20 apresentavam comorbidades confirmadas: diabetes (3), doen\u00e7a cardiovascular (10), hipertens\u00e3o (4), obesidade (1), imunossupress\u00e3o (1), doen\u00e7arenal (3), tabagismo\/hist\u00f3rico de tabagismo (2), doen\u00e7a respirat\u00f3ria (1), doen\u00e7a neurol\u00f3gica(2), neoplasia (2), hist\u00f3rico de AVC (1) e etilismo (1)-um paciente pode ter mais de umacomorbidade. Os demais est\u00e3o em investiga\u00e7\u00e3o. <\/span><\/p>\n<p style=\"text-align: justify;\"><span style=\"font-size: inherit;\">Com rela\u00e7\u00e3o \u00e0 testagem dos profissionais de sa\u00fade com sintomas de gripe, em Pernambuco,at\u00e9 agora, 19.110 casos foram confirmados e 26.141 descartados. As testagens entre ostrabalhadores do setor abrangem os profissionais de todas as unidades de sa\u00fade, sejam darede p\u00fablica (estadual e municipal) ou privada. O Governo de Pernambuco foi o primeiro do pa\u00eds a criar um protocolo para testar e afastar os profissionais da \u00e1rea da sa\u00fade com sintomas gripais.<\/span><\/p>\n\n\n<figure class=\"wp-block-image size-large\"><img loading=\"lazy\" decoding=\"async\" width=\"1024\" height=\"819\" src=\"https:\/\/blogdoedvaldomagalhaes.com.br\/wp-content\/uploads\/2020\/08\/FB_IMG_1596328795131-1024x819.jpg\" alt=\"\" class=\"wp-image-59563\" srcset=\"https:\/\/blogdoedvaldomagalhaes.com.br\/wp-content\/uploads\/2020\/08\/FB_IMG_1596328795131-1024x819.jpg 1024w, https:\/\/blogdoedvaldomagalhaes.com.br\/wp-content\/uploads\/2020\/08\/FB_IMG_1596328795131-300x240.jpg 300w, https:\/\/blogdoedvaldomagalhaes.com.br\/wp-content\/uploads\/2020\/08\/FB_IMG_1596328795131-768x614.jpg 768w, https:\/\/blogdoedvaldomagalhaes.com.br\/wp-content\/uploads\/2020\/08\/FB_IMG_1596328795131.jpg 1080w\" sizes=\"auto, (max-width: 1024px) 100vw, 1024px\" \/><\/figure>\n","protected":false},"excerpt":{"rendered":"<p>A Secretaria de Sa\u00fade de Pernambuco (SES-PE) registrou, neste s\u00e1bado (01.08), 1.741 novos casos da Covid-19. Entre os confirmados hoje,&hellip;<\/p>\n","protected":false},"author":1,"featured_media":59566,"comment_status":"open","ping_status":"open","sticky":false,"template":"","format":"standard","meta":{"footnotes":""},"categories":[14120],"tags":[16881,19085],"class_list":["post-59562","post","type-post","status-publish","format-standard","has-post-thumbnail","hentry","category-noticias","tag-caruaru-e-regiao","tag-pernambuco-tem-mais-1-741-casos-de-covid-19-e-mais-2-605-recuperados"],"_links":{"self":[{"href":"https:\/\/blogdoedvaldomagalhaes.com.br\/index.php\/wp-json\/wp\/v2\/posts\/59562","targetHints":{"allow":["GET"]}}],"collection":[{"href":"https:\/\/blogdoedvaldomagalhaes.com.br\/index.php\/wp-json\/wp\/v2\/posts"}],"about":[{"href":"https:\/\/blogdoedvaldomagalhaes.com.br\/index.php\/wp-json\/wp\/v2\/types\/post"}],"author":[{"embeddable":true,"href":"https:\/\/blogdoedvaldomagalhaes.com.br\/index.php\/wp-json\/wp\/v2\/users\/1"}],"replies":[{"embeddable":true,"href":"https:\/\/blogdoedvaldomagalhaes.com.br\/index.php\/wp-json\/wp\/v2\/comments?post=59562"}],"version-history":[{"count":1,"href":"https:\/\/blogdoedvaldomagalhaes.com.br\/index.php\/wp-json\/wp\/v2\/posts\/59562\/revisions"}],"predecessor-version":[{"id":59564,"href":"https:\/\/blogdoedvaldomagalhaes.com.br\/index.php\/wp-json\/wp\/v2\/posts\/59562\/revisions\/59564"}],"wp:featuredmedia":[{"embeddable":true,"href":"https:\/\/blogdoedvaldomagalhaes.com.br\/index.php\/wp-json\/wp\/v2\/media\/59566"}],"wp:attachment":[{"href":"https:\/\/blogdoedvaldomagalhaes.com.br\/index.php\/wp-json\/wp\/v2\/media?parent=59562"}],"wp:term":[{"taxonomy":"category","embeddable":true,"href":"https:\/\/blogdoedvaldomagalhaes.com.br\/index.php\/wp-json\/wp\/v2\/categories?post=59562"},{"taxonomy":"post_tag","embeddable":true,"href":"https:\/\/blogdoedvaldomagalhaes.com.br\/index.php\/wp-json\/wp\/v2\/tags?post=59562"}],"curies":[{"name":"wp","href":"https:\/\/api.w.org\/{rel}","templated":true}]}}