{"id":59558,"date":"2020-08-01T19:02:36","date_gmt":"2020-08-01T22:02:36","guid":{"rendered":"https:\/\/blogdoedvaldomagalhaes.com.br\/?p=59558"},"modified":"2020-08-01T19:02:51","modified_gmt":"2020-08-01T22:02:51","slug":"caruaru-tem-mais-74-casos-de-covid-19-e-mais-96-recuperados","status":"publish","type":"post","link":"https:\/\/blogdoedvaldomagalhaes.com.br\/index.php\/2020\/08\/01\/caruaru-tem-mais-74-casos-de-covid-19-e-mais-96-recuperados\/","title":{"rendered":"Caruaru tem mais 74 casos de Covid-19 e mais 96 recuperados"},"content":{"rendered":"<p style=\"text-align: justify;\"><span style=\"font-size: inherit;\">A Secretaria de Sa\u00fade de Caruaru informa, neste s\u00e1bado (1), que at\u00e9 o momento foram realizados 11.560 testes, dos quais 4.720 foram atrav\u00e9s do teste molecular e 6.840 do teste r\u00e1pido, com 4.623 confirma\u00e7\u00f5es para a Covid-19, incluindo dois \u00f3bitos, nos dias 29 e 30 de julho, sendo eles: Mulher, 75 anos, com comorbidades e uma mulher, 72 anos, sem comorbidades.<\/span><\/p>\n<p style=\"text-align: justify;\">Em investiga\u00e7\u00e3o est\u00e3o 583 casos e j\u00e1 foram 6.354 descartados.<\/p>\n<p style=\"text-align: justify;\">Tamb\u00e9m j\u00e1 foram registrados 18.622 casos de s\u00edndrome gripal, dos quais 1.315 foram orientados a ficar em isolamento domiciliar.<\/p>\n<p style=\"text-align: justify;\">A secretaria informa ainda que 4.154 pacientes j\u00e1 foram recuperados do novo coronav\u00edrus.<\/p>\n\n\n<figure class=\"wp-block-image size-large\"><img loading=\"lazy\" decoding=\"async\" width=\"1024\" height=\"1024\" src=\"https:\/\/blogdoedvaldomagalhaes.com.br\/wp-content\/uploads\/2020\/08\/IMG-20200801-WA0085-1024x1024.jpg\" alt=\"\" class=\"wp-image-59559\" srcset=\"https:\/\/blogdoedvaldomagalhaes.com.br\/wp-content\/uploads\/2020\/08\/IMG-20200801-WA0085-1024x1024.jpg 1024w, https:\/\/blogdoedvaldomagalhaes.com.br\/wp-content\/uploads\/2020\/08\/IMG-20200801-WA0085-300x300.jpg 300w, https:\/\/blogdoedvaldomagalhaes.com.br\/wp-content\/uploads\/2020\/08\/IMG-20200801-WA0085-150x150.jpg 150w, https:\/\/blogdoedvaldomagalhaes.com.br\/wp-content\/uploads\/2020\/08\/IMG-20200801-WA0085-768x768.jpg 768w, https:\/\/blogdoedvaldomagalhaes.com.br\/wp-content\/uploads\/2020\/08\/IMG-20200801-WA0085.jpg 1280w\" sizes=\"auto, (max-width: 1024px) 100vw, 1024px\" \/><\/figure>\n","protected":false},"excerpt":{"rendered":"<p>A Secretaria de Sa\u00fade de Caruaru informa, neste s\u00e1bado (1), que at\u00e9 o momento foram realizados 11.560 testes, dos quais&hellip;<\/p>\n","protected":false},"author":1,"featured_media":59560,"comment_status":"open","ping_status":"open","sticky":false,"template":"","format":"standard","meta":{"footnotes":""},"categories":[14120],"tags":[2,16881,19084],"class_list":["post-59558","post","type-post","status-publish","format-standard","has-post-thumbnail","hentry","category-noticias","tag-blog-do-edvaldo-magalhaes","tag-caruaru-e-regiao","tag-caruaru-tem-mais-74-casos-de-covid-19-e-mais-96-recuperados"],"_links":{"self":[{"href":"https:\/\/blogdoedvaldomagalhaes.com.br\/index.php\/wp-json\/wp\/v2\/posts\/59558","targetHints":{"allow":["GET"]}}],"collection":[{"href":"https:\/\/blogdoedvaldomagalhaes.com.br\/index.php\/wp-json\/wp\/v2\/posts"}],"about":[{"href":"https:\/\/blogdoedvaldomagalhaes.com.br\/index.php\/wp-json\/wp\/v2\/types\/post"}],"author":[{"embeddable":true,"href":"https:\/\/blogdoedvaldomagalhaes.com.br\/index.php\/wp-json\/wp\/v2\/users\/1"}],"replies":[{"embeddable":true,"href":"https:\/\/blogdoedvaldomagalhaes.com.br\/index.php\/wp-json\/wp\/v2\/comments?post=59558"}],"version-history":[{"count":1,"href":"https:\/\/blogdoedvaldomagalhaes.com.br\/index.php\/wp-json\/wp\/v2\/posts\/59558\/revisions"}],"predecessor-version":[{"id":59561,"href":"https:\/\/blogdoedvaldomagalhaes.com.br\/index.php\/wp-json\/wp\/v2\/posts\/59558\/revisions\/59561"}],"wp:featuredmedia":[{"embeddable":true,"href":"https:\/\/blogdoedvaldomagalhaes.com.br\/index.php\/wp-json\/wp\/v2\/media\/59560"}],"wp:attachment":[{"href":"https:\/\/blogdoedvaldomagalhaes.com.br\/index.php\/wp-json\/wp\/v2\/media?parent=59558"}],"wp:term":[{"taxonomy":"category","embeddable":true,"href":"https:\/\/blogdoedvaldomagalhaes.com.br\/index.php\/wp-json\/wp\/v2\/categories?post=59558"},{"taxonomy":"post_tag","embeddable":true,"href":"https:\/\/blogdoedvaldomagalhaes.com.br\/index.php\/wp-json\/wp\/v2\/tags?post=59558"}],"curies":[{"name":"wp","href":"https:\/\/api.w.org\/{rel}","templated":true}]}}