{"id":59546,"date":"2020-08-01T14:18:52","date_gmt":"2020-08-01T17:18:52","guid":{"rendered":"https:\/\/blogdoedvaldomagalhaes.com.br\/?p=59546"},"modified":"2020-08-01T14:19:01","modified_gmt":"2020-08-01T17:19:01","slug":"operacao-sulanca-da-pm-em-caruaru-faz-isolamento-do-parque-18-de-maio-e-vias-adjacentes","status":"publish","type":"post","link":"https:\/\/blogdoedvaldomagalhaes.com.br\/index.php\/2020\/08\/01\/operacao-sulanca-da-pm-em-caruaru-faz-isolamento-do-parque-18-de-maio-e-vias-adjacentes\/","title":{"rendered":"Opera\u00e7\u00e3o Sulanca da PM em Caruaru faz isolamento do Parque 18 de Maio e vias adjacentes"},"content":{"rendered":"<p style=\"text-align: justify;\"><span style=\"font-size: inherit;\">Neste domingo(02) e segunda-feira (03), a Pol\u00edcia Militar empregar\u00e1 283 Policiais Militares do 4\u00b0BPM, 1\u00b0BIEsp e RPMon (Cavalaria), na Opera\u00e7\u00e3o Sulanca, em Caruaru.<\/span><\/p>\n<p style=\"text-align: justify;\">As a\u00e7\u00f5es de isolamento do per\u00edmetro do Parque 18 de Maio e vias adjacentes iniciar\u00e3o \u00e0s 07h da manh\u00e3 do domingo e ser\u00e3o mantidas ininterruptamente at\u00e9 \u00e0s 20h da segunda-feira.<\/p>\n<p style=\"text-align: justify;\">Com o emprego de Policiais Militares em Pontos de Bloqueio, Patrulhamento a P\u00e9, em viaturas, motocicletas e a cavalo (montado), ser\u00e3o realizados isolamento do per\u00edmetro e varredura constante nas ruas adjacentes ao Parque das feiras. Ser\u00e3o combatidas as aglomera\u00e7\u00f5es decorrentes do com\u00e9rcio ambulante e em porta malas de ve\u00edculos estacionados nas vias p\u00fablicas, do que poder\u00e1 resultar a apreens\u00e3o de ve\u00edculos e\/ou mercadorias.<\/p>\n<p style=\"text-align: justify;\">A quantidade de PMs foi ampliada de 86 para 283 Policiais, a fim de alcan\u00e7ar mais ruas no entorno no Parque, em especial a Rua Miguel de Sena, Av. Jo\u00e3o de Barros e Estrada da Pitombeira onde foram observadas aglomera\u00e7\u00f5es na \u00faltima segunda-feira. Essas vias receber\u00e3o policiamento fixo a p\u00e9 e motorizado, inclusive de Tr\u00e2nsito.<\/p>\n<p style=\"text-align: justify;\">A Prefeitura de Caruaru disponibilizar\u00e1 al\u00e9m dos agentes de Tr\u00e2nsito da DESTRA, fiscais que, atuando em conjunto com Policiais Militares, poder\u00e3o realizar a apreens\u00e3o de mercadorias nos casos de com\u00e9rcio irregular.<\/p>\n\n\n<figure class=\"wp-block-image size-large\"><img loading=\"lazy\" decoding=\"async\" width=\"1024\" height=\"576\" src=\"https:\/\/blogdoedvaldomagalhaes.com.br\/wp-content\/uploads\/2020\/08\/IMG-20200801-WA0053-1024x576.jpg\" alt=\"\" class=\"wp-image-59548\" srcset=\"https:\/\/blogdoedvaldomagalhaes.com.br\/wp-content\/uploads\/2020\/08\/IMG-20200801-WA0053-1024x576.jpg 1024w, https:\/\/blogdoedvaldomagalhaes.com.br\/wp-content\/uploads\/2020\/08\/IMG-20200801-WA0053-300x169.jpg 300w, https:\/\/blogdoedvaldomagalhaes.com.br\/wp-content\/uploads\/2020\/08\/IMG-20200801-WA0053-768x432.jpg 768w, https:\/\/blogdoedvaldomagalhaes.com.br\/wp-content\/uploads\/2020\/08\/IMG-20200801-WA0053-1140x641.jpg 1140w, https:\/\/blogdoedvaldomagalhaes.com.br\/wp-content\/uploads\/2020\/08\/IMG-20200801-WA0053-720x405.jpg 720w, https:\/\/blogdoedvaldomagalhaes.com.br\/wp-content\/uploads\/2020\/08\/IMG-20200801-WA0053.jpg 1280w\" sizes=\"auto, (max-width: 1024px) 100vw, 1024px\" \/><\/figure>\n\n\n\n<figure class=\"wp-block-image size-large\"><img loading=\"lazy\" decoding=\"async\" width=\"1024\" height=\"576\" src=\"https:\/\/blogdoedvaldomagalhaes.com.br\/wp-content\/uploads\/2020\/08\/IMG-20200801-WA0054-1024x576.jpg\" alt=\"\" class=\"wp-image-59549\" srcset=\"https:\/\/blogdoedvaldomagalhaes.com.br\/wp-content\/uploads\/2020\/08\/IMG-20200801-WA0054-1024x576.jpg 1024w, https:\/\/blogdoedvaldomagalhaes.com.br\/wp-content\/uploads\/2020\/08\/IMG-20200801-WA0054-300x169.jpg 300w, https:\/\/blogdoedvaldomagalhaes.com.br\/wp-content\/uploads\/2020\/08\/IMG-20200801-WA0054-768x432.jpg 768w, https:\/\/blogdoedvaldomagalhaes.com.br\/wp-content\/uploads\/2020\/08\/IMG-20200801-WA0054-1140x641.jpg 1140w, https:\/\/blogdoedvaldomagalhaes.com.br\/wp-content\/uploads\/2020\/08\/IMG-20200801-WA0054-720x405.jpg 720w, https:\/\/blogdoedvaldomagalhaes.com.br\/wp-content\/uploads\/2020\/08\/IMG-20200801-WA0054.jpg 1280w\" sizes=\"auto, (max-width: 1024px) 100vw, 1024px\" \/><figcaption>Fotos: PMPE\/Divulga\u00e7\u00e3o<\/figcaption><\/figure>\n","protected":false},"excerpt":{"rendered":"<p>Neste domingo(02) e segunda-feira (03), a Pol\u00edcia Militar empregar\u00e1 283 Policiais Militares do 4\u00b0BPM, 1\u00b0BIEsp e RPMon (Cavalaria), na Opera\u00e7\u00e3o&hellip;<\/p>\n","protected":false},"author":1,"featured_media":59547,"comment_status":"open","ping_status":"open","sticky":false,"template":"","format":"standard","meta":{"footnotes":""},"categories":[14121],"tags":[17948,19082],"class_list":["post-59546","post","type-post","status-publish","format-standard","has-post-thumbnail","hentry","category-policial","tag-coronavirus-2","tag-operacao-sulanca-da-pm-em-caruaru-faz-isolamento-do-parque-18-de-maio-e-vias-adjacentes"],"_links":{"self":[{"href":"https:\/\/blogdoedvaldomagalhaes.com.br\/index.php\/wp-json\/wp\/v2\/posts\/59546","targetHints":{"allow":["GET"]}}],"collection":[{"href":"https:\/\/blogdoedvaldomagalhaes.com.br\/index.php\/wp-json\/wp\/v2\/posts"}],"about":[{"href":"https:\/\/blogdoedvaldomagalhaes.com.br\/index.php\/wp-json\/wp\/v2\/types\/post"}],"author":[{"embeddable":true,"href":"https:\/\/blogdoedvaldomagalhaes.com.br\/index.php\/wp-json\/wp\/v2\/users\/1"}],"replies":[{"embeddable":true,"href":"https:\/\/blogdoedvaldomagalhaes.com.br\/index.php\/wp-json\/wp\/v2\/comments?post=59546"}],"version-history":[{"count":1,"href":"https:\/\/blogdoedvaldomagalhaes.com.br\/index.php\/wp-json\/wp\/v2\/posts\/59546\/revisions"}],"predecessor-version":[{"id":59550,"href":"https:\/\/blogdoedvaldomagalhaes.com.br\/index.php\/wp-json\/wp\/v2\/posts\/59546\/revisions\/59550"}],"wp:featuredmedia":[{"embeddable":true,"href":"https:\/\/blogdoedvaldomagalhaes.com.br\/index.php\/wp-json\/wp\/v2\/media\/59547"}],"wp:attachment":[{"href":"https:\/\/blogdoedvaldomagalhaes.com.br\/index.php\/wp-json\/wp\/v2\/media?parent=59546"}],"wp:term":[{"taxonomy":"category","embeddable":true,"href":"https:\/\/blogdoedvaldomagalhaes.com.br\/index.php\/wp-json\/wp\/v2\/categories?post=59546"},{"taxonomy":"post_tag","embeddable":true,"href":"https:\/\/blogdoedvaldomagalhaes.com.br\/index.php\/wp-json\/wp\/v2\/tags?post=59546"}],"curies":[{"name":"wp","href":"https:\/\/api.w.org\/{rel}","templated":true}]}}