{"id":59537,"date":"2020-07-31T19:57:15","date_gmt":"2020-07-31T22:57:15","guid":{"rendered":"https:\/\/blogdoedvaldomagalhaes.com.br\/?p=59537"},"modified":"2020-07-31T19:57:26","modified_gmt":"2020-07-31T22:57:26","slug":"lei-torna-uso-de-mascaras-obrigatorio-em-pe-e-empresa-que-descumprir-pode-ser-multada","status":"publish","type":"post","link":"https:\/\/blogdoedvaldomagalhaes.com.br\/index.php\/2020\/07\/31\/lei-torna-uso-de-mascaras-obrigatorio-em-pe-e-empresa-que-descumprir-pode-ser-multada\/","title":{"rendered":"Lei torna uso de m\u00e1scaras obrigat\u00f3rio em PE e empresa que descumprir pode ser multada"},"content":{"rendered":"<p style=\"text-align: justify;\">O governador Paulo C\u00e2mara assinou, nesta sexta-feira (31.07), decreto que regulamenta a Lei n\u00ba 16.918, de 18 de junho de 2020, que disp\u00f5e sobre a obrigatoriedade do uso de m\u00e1scaras em todo o Estado de Pernambuco durante o per\u00edodo da pandemia causada pela Covid-19. O uso de m\u00e1scaras passa a ser obrigat\u00f3rio em vias p\u00fablicas, parques e pra\u00e7as; pontos de \u00f4nibus, terminais de transporte coletivo, rodovi\u00e1rias, portos e aeroportos; ve\u00edculos de transporte coletivo, t\u00e1xis e transporte por aplicativos; reparti\u00e7\u00f5es p\u00fablicas, estabelecimentos comerciais, industriais, banc\u00e1rios, empresas prestadoras de servi\u00e7os e quaisquer estabelecimentos cong\u00eaneres; e outros locais em que possa haver aglomera\u00e7\u00e3o de pessoas.<\/p>\n<p>De acordo com o decreto, os \u00f3rg\u00e3os p\u00fablicos e estabelecimentos privados devem proibir a entrada, em seu recinto, de pessoas que n\u00e3o estiverem utilizando m\u00e1scaras. Caso sejam identificados indiv\u00edduos sem o equipamento de prote\u00e7\u00e3o, os respons\u00e1veis pelos \u00f3rg\u00e3os ou estabelecimentos dever\u00e3o orientar sobre a necessidade do uso. Em caso de recusa, dever\u00e3o determinar a retirada do infrator, inclusive com o acionamento de for\u00e7a policial, caso necess\u00e1rio.<\/p>\n<p>As empresas que descumprirem a norma poder\u00e3o ser autuadas e sofrer desde uma advert\u00eancia at\u00e9 multas entre R$ 1 mil e R$ 100 mil, dependendo do porte do estabelecimento. A fiscaliza\u00e7\u00e3o ser\u00e1 realizada por \u00f3rg\u00e3os estaduais e municipais de vigil\u00e2ncia sanit\u00e1ria, defesa do consumidor, defesa social, fiscaliza\u00e7\u00e3o do trabalho e do transporte, em articula\u00e7\u00e3o com a Secretaria Estadual de Sa\u00fade.<\/p>\n","protected":false},"excerpt":{"rendered":"<p>O governador Paulo C\u00e2mara assinou, nesta sexta-feira (31.07), decreto que regulamenta a Lei n\u00ba 16.918, de 18 de junho de&hellip;<\/p>\n","protected":false},"author":1,"featured_media":59538,"comment_status":"open","ping_status":"open","sticky":false,"template":"","format":"standard","meta":{"footnotes":""},"categories":[14120],"tags":[2,17948,19078],"class_list":["post-59537","post","type-post","status-publish","format-standard","has-post-thumbnail","hentry","category-noticias","tag-blog-do-edvaldo-magalhaes","tag-coronavirus-2","tag-lei-torna-uso-de-mascaras-obrigatorio-em-pe-e-empresa-que-descumprir-pode-ser-multada"],"_links":{"self":[{"href":"https:\/\/blogdoedvaldomagalhaes.com.br\/index.php\/wp-json\/wp\/v2\/posts\/59537","targetHints":{"allow":["GET"]}}],"collection":[{"href":"https:\/\/blogdoedvaldomagalhaes.com.br\/index.php\/wp-json\/wp\/v2\/posts"}],"about":[{"href":"https:\/\/blogdoedvaldomagalhaes.com.br\/index.php\/wp-json\/wp\/v2\/types\/post"}],"author":[{"embeddable":true,"href":"https:\/\/blogdoedvaldomagalhaes.com.br\/index.php\/wp-json\/wp\/v2\/users\/1"}],"replies":[{"embeddable":true,"href":"https:\/\/blogdoedvaldomagalhaes.com.br\/index.php\/wp-json\/wp\/v2\/comments?post=59537"}],"version-history":[{"count":1,"href":"https:\/\/blogdoedvaldomagalhaes.com.br\/index.php\/wp-json\/wp\/v2\/posts\/59537\/revisions"}],"predecessor-version":[{"id":59539,"href":"https:\/\/blogdoedvaldomagalhaes.com.br\/index.php\/wp-json\/wp\/v2\/posts\/59537\/revisions\/59539"}],"wp:featuredmedia":[{"embeddable":true,"href":"https:\/\/blogdoedvaldomagalhaes.com.br\/index.php\/wp-json\/wp\/v2\/media\/59538"}],"wp:attachment":[{"href":"https:\/\/blogdoedvaldomagalhaes.com.br\/index.php\/wp-json\/wp\/v2\/media?parent=59537"}],"wp:term":[{"taxonomy":"category","embeddable":true,"href":"https:\/\/blogdoedvaldomagalhaes.com.br\/index.php\/wp-json\/wp\/v2\/categories?post=59537"},{"taxonomy":"post_tag","embeddable":true,"href":"https:\/\/blogdoedvaldomagalhaes.com.br\/index.php\/wp-json\/wp\/v2\/tags?post=59537"}],"curies":[{"name":"wp","href":"https:\/\/api.w.org\/{rel}","templated":true}]}}