{"id":59530,"date":"2020-07-31T18:56:49","date_gmt":"2020-07-31T21:56:49","guid":{"rendered":"https:\/\/blogdoedvaldomagalhaes.com.br\/?p=59530"},"modified":"2020-07-31T18:57:05","modified_gmt":"2020-07-31T21:57:05","slug":"caruaru-tem-mais-de-4-mil-pacientes-recuperados-de-covid-19","status":"publish","type":"post","link":"https:\/\/blogdoedvaldomagalhaes.com.br\/index.php\/2020\/07\/31\/caruaru-tem-mais-de-4-mil-pacientes-recuperados-de-covid-19\/","title":{"rendered":"Caruaru tem mais de 4 mil pacientes recuperados de Covid-19"},"content":{"rendered":"<p style=\"text-align: justify;\"><span style=\"font-size: inherit;\">A Secretaria de Sa\u00fade de Caruaru informa, nesta sexta (31), que at\u00e9 o momento foram realizados 11.322 testes, dos quais 4.686 foram atrav\u00e9s do teste molecular e 6.636 do teste r\u00e1pido, com 4.549 confirma\u00e7\u00f5es para a Covid-19, incluindo dois \u00f3bitos, no per\u00edodo de 30 de junho a 25 de julho, sendo eles: Homem, 89 anos, com comorbidades e um homem, 72 anos, com comorbidades.<\/span><\/p>\n<p style=\"text-align: justify;\">Em investiga\u00e7\u00e3o est\u00e3o 586 casos e j\u00e1 foram 6.187 descartados.<\/p>\n<p style=\"text-align: justify;\">Tamb\u00e9m j\u00e1 foram registrados 18.480 casos de s\u00edndrome gripal, dos quais 1.426 foram orientados a ficar em isolamento domiciliar.<\/p>\n<p style=\"text-align: justify;\">A secretaria informa ainda que 4. 058 pacientes j\u00e1 foram recuperados do novo coronav\u00edrus.<\/p>\n<p>Foto: Istock.<\/p>\n\n\n<figure class=\"wp-block-image size-large\"><img loading=\"lazy\" decoding=\"async\" width=\"1024\" height=\"1024\" src=\"https:\/\/blogdoedvaldomagalhaes.com.br\/wp-content\/uploads\/2020\/07\/IMG-20200731-WA0182-1024x1024.jpg\" alt=\"\" class=\"wp-image-59531\" srcset=\"https:\/\/blogdoedvaldomagalhaes.com.br\/wp-content\/uploads\/2020\/07\/IMG-20200731-WA0182-1024x1024.jpg 1024w, https:\/\/blogdoedvaldomagalhaes.com.br\/wp-content\/uploads\/2020\/07\/IMG-20200731-WA0182-300x300.jpg 300w, https:\/\/blogdoedvaldomagalhaes.com.br\/wp-content\/uploads\/2020\/07\/IMG-20200731-WA0182-150x150.jpg 150w, https:\/\/blogdoedvaldomagalhaes.com.br\/wp-content\/uploads\/2020\/07\/IMG-20200731-WA0182-768x768.jpg 768w, https:\/\/blogdoedvaldomagalhaes.com.br\/wp-content\/uploads\/2020\/07\/IMG-20200731-WA0182.jpg 1280w\" sizes=\"auto, (max-width: 1024px) 100vw, 1024px\" \/><\/figure>\n","protected":false},"excerpt":{"rendered":"<p>A Secretaria de Sa\u00fade de Caruaru informa, nesta sexta (31), que at\u00e9 o momento foram realizados 11.322 testes, dos quais&hellip;<\/p>\n","protected":false},"author":1,"featured_media":59532,"comment_status":"open","ping_status":"open","sticky":false,"template":"","format":"standard","meta":{"footnotes":""},"categories":[14120],"tags":[19077,17948],"class_list":["post-59530","post","type-post","status-publish","format-standard","has-post-thumbnail","hentry","category-noticias","tag-caruaru-tem-mais-de-4-mil-pacientes-recuperados-de-covid-19","tag-coronavirus-2"],"_links":{"self":[{"href":"https:\/\/blogdoedvaldomagalhaes.com.br\/index.php\/wp-json\/wp\/v2\/posts\/59530","targetHints":{"allow":["GET"]}}],"collection":[{"href":"https:\/\/blogdoedvaldomagalhaes.com.br\/index.php\/wp-json\/wp\/v2\/posts"}],"about":[{"href":"https:\/\/blogdoedvaldomagalhaes.com.br\/index.php\/wp-json\/wp\/v2\/types\/post"}],"author":[{"embeddable":true,"href":"https:\/\/blogdoedvaldomagalhaes.com.br\/index.php\/wp-json\/wp\/v2\/users\/1"}],"replies":[{"embeddable":true,"href":"https:\/\/blogdoedvaldomagalhaes.com.br\/index.php\/wp-json\/wp\/v2\/comments?post=59530"}],"version-history":[{"count":1,"href":"https:\/\/blogdoedvaldomagalhaes.com.br\/index.php\/wp-json\/wp\/v2\/posts\/59530\/revisions"}],"predecessor-version":[{"id":59533,"href":"https:\/\/blogdoedvaldomagalhaes.com.br\/index.php\/wp-json\/wp\/v2\/posts\/59530\/revisions\/59533"}],"wp:featuredmedia":[{"embeddable":true,"href":"https:\/\/blogdoedvaldomagalhaes.com.br\/index.php\/wp-json\/wp\/v2\/media\/59532"}],"wp:attachment":[{"href":"https:\/\/blogdoedvaldomagalhaes.com.br\/index.php\/wp-json\/wp\/v2\/media?parent=59530"}],"wp:term":[{"taxonomy":"category","embeddable":true,"href":"https:\/\/blogdoedvaldomagalhaes.com.br\/index.php\/wp-json\/wp\/v2\/categories?post=59530"},{"taxonomy":"post_tag","embeddable":true,"href":"https:\/\/blogdoedvaldomagalhaes.com.br\/index.php\/wp-json\/wp\/v2\/tags?post=59530"}],"curies":[{"name":"wp","href":"https:\/\/api.w.org\/{rel}","templated":true}]}}