{"id":59527,"date":"2020-07-31T17:33:44","date_gmt":"2020-07-31T20:33:44","guid":{"rendered":"https:\/\/blogdoedvaldomagalhaes.com.br\/?p=59527"},"modified":"2020-07-31T17:33:56","modified_gmt":"2020-07-31T20:33:56","slug":"escolas-municipais-de-tempo-integral-de-caruaru-entregarao-kits-alimentares-neste-fim-de-semana","status":"publish","type":"post","link":"https:\/\/blogdoedvaldomagalhaes.com.br\/index.php\/2020\/07\/31\/escolas-municipais-de-tempo-integral-de-caruaru-entregarao-kits-alimentares-neste-fim-de-semana\/","title":{"rendered":"Escolas Municipais de tempo integral de Caruaru entregar\u00e3o kits alimentares neste fim de semana"},"content":{"rendered":"<p style=\"text-align: justify;\"><span style=\"font-size: inherit;\">A Secretaria de Educa\u00e7\u00e3o de Caruaru (Seduc) seguir\u00e1 com as entregas de kits alimentares neste s\u00e1bado (1\u00ba) e domingo (2) de agosto. Desta vez, as Escolas de Tempo Integral (ETIs): ETI \u00c1lvaro Lins (as duas unidades receber\u00e3o na I); ETI Dr. Amaro de Lyra e C\u00e9sar (Caic); ETI Prefeito Jo\u00e3o Lyra Filho; ETI Professor Altair Nunes Porto Filho e ETI Professor Rubem de Lima Barros.<\/span><\/p>\n<p style=\"text-align: justify;\">A entrega ser\u00e1 das 9h \u00e0s 16h, cabendo aos pais e\/ou respons\u00e1veis pelos alunos seguir as recomenda\u00e7\u00f5es da dire\u00e7\u00e3o das escolas em rela\u00e7\u00e3o ao hor\u00e1rio espec\u00edfico, bem como as medidas de seguran\u00e7a necess\u00e1rias para a preven\u00e7\u00e3o do novo coronav\u00edrus (m\u00e1scara, distanciamento, higieniza\u00e7\u00e3o das m\u00e3os).<\/p>\n<p style=\"text-align: justify;\">*REMANESCENTES* &#8211; Aos pais e\/ou respons\u00e1veis pelos alunos que n\u00e3o conseguiram comparecer esta semana nas unidades escolares, a Seduc informa que as escolas j\u00e1 convocadas ir\u00e3o distribuir os kits alimentares tamb\u00e9m neste fim de semana.<\/p>\n","protected":false},"excerpt":{"rendered":"<p>A Secretaria de Educa\u00e7\u00e3o de Caruaru (Seduc) seguir\u00e1 com as entregas de kits alimentares neste s\u00e1bado (1\u00ba) e domingo (2)&hellip;<\/p>\n","protected":false},"author":1,"featured_media":59528,"comment_status":"open","ping_status":"open","sticky":false,"template":"","format":"standard","meta":{"footnotes":""},"categories":[14120],"tags":[17948,19076],"class_list":["post-59527","post","type-post","status-publish","format-standard","has-post-thumbnail","hentry","category-noticias","tag-coronavirus-2","tag-escolas-municipais-de-tempo-integral-de-caruaru-entregarao-kits-alimentares-neste-fim-de-semana"],"_links":{"self":[{"href":"https:\/\/blogdoedvaldomagalhaes.com.br\/index.php\/wp-json\/wp\/v2\/posts\/59527","targetHints":{"allow":["GET"]}}],"collection":[{"href":"https:\/\/blogdoedvaldomagalhaes.com.br\/index.php\/wp-json\/wp\/v2\/posts"}],"about":[{"href":"https:\/\/blogdoedvaldomagalhaes.com.br\/index.php\/wp-json\/wp\/v2\/types\/post"}],"author":[{"embeddable":true,"href":"https:\/\/blogdoedvaldomagalhaes.com.br\/index.php\/wp-json\/wp\/v2\/users\/1"}],"replies":[{"embeddable":true,"href":"https:\/\/blogdoedvaldomagalhaes.com.br\/index.php\/wp-json\/wp\/v2\/comments?post=59527"}],"version-history":[{"count":1,"href":"https:\/\/blogdoedvaldomagalhaes.com.br\/index.php\/wp-json\/wp\/v2\/posts\/59527\/revisions"}],"predecessor-version":[{"id":59529,"href":"https:\/\/blogdoedvaldomagalhaes.com.br\/index.php\/wp-json\/wp\/v2\/posts\/59527\/revisions\/59529"}],"wp:featuredmedia":[{"embeddable":true,"href":"https:\/\/blogdoedvaldomagalhaes.com.br\/index.php\/wp-json\/wp\/v2\/media\/59528"}],"wp:attachment":[{"href":"https:\/\/blogdoedvaldomagalhaes.com.br\/index.php\/wp-json\/wp\/v2\/media?parent=59527"}],"wp:term":[{"taxonomy":"category","embeddable":true,"href":"https:\/\/blogdoedvaldomagalhaes.com.br\/index.php\/wp-json\/wp\/v2\/categories?post=59527"},{"taxonomy":"post_tag","embeddable":true,"href":"https:\/\/blogdoedvaldomagalhaes.com.br\/index.php\/wp-json\/wp\/v2\/tags?post=59527"}],"curies":[{"name":"wp","href":"https:\/\/api.w.org\/{rel}","templated":true}]}}