{"id":59523,"date":"2020-07-31T16:55:47","date_gmt":"2020-07-31T19:55:47","guid":{"rendered":"https:\/\/blogdoedvaldomagalhaes.com.br\/?p=59523"},"modified":"2020-07-31T16:55:57","modified_gmt":"2020-07-31T19:55:57","slug":"lessa-solicita-ampliacao-do-numero-permitido-de-pessoas-em-templos-religiosos","status":"publish","type":"post","link":"https:\/\/blogdoedvaldomagalhaes.com.br\/index.php\/2020\/07\/31\/lessa-solicita-ampliacao-do-numero-permitido-de-pessoas-em-templos-religiosos\/","title":{"rendered":"Lessa solicita amplia\u00e7\u00e3o do n\u00famero permitido de pessoas em templos religiosos"},"content":{"rendered":"<p style=\"text-align: justify;\"><span style=\"font-size: inherit;\">Atrav\u00e9s de of\u00edcio encaminhado \u00e0 Secretaria Estadual de Sa\u00fade, o deputado estadual Delegado Lessa solicita que seja permitida a ocupa\u00e7\u00e3o de 30% da capacidade de templos e locais de culto com lugares para at\u00e9 mil pessoas. Pela regra atual, s\u00f3 pode ter at\u00e9 50 pessoas nesses espa\u00e7os. Segundo l\u00edderes de v\u00e1rios segmentos religiosos, a norma reduz a possibilidade de celebra\u00e7\u00f5es presenciais. A limita\u00e7\u00e3o est\u00e1 disposta na Portaria Conjunta n\u00ba. 01 das secretarias de Sa\u00fade; Desenvolvimento Social, Crian\u00e7a e Juventude; e Pol\u00edticas de Preven\u00e7\u00e3o \u00e0s Drogas do Estado de Pernambuco.<\/span><\/p>\n<p style=\"text-align: justify;\">No documento, Lessa solicita a readequa\u00e7\u00e3o do quantitativo de pessoas em locais de culto\/celebra\u00e7\u00e3o, retirando o limite de 50 pessoas, e passando a exigir apenas a limita\u00e7\u00e3o ao percentual de 30% da capacidade de cada local que comporte at\u00e9 1000 pessoas. O deputado argumenta que essa l\u00f3gica da proporcionalidade j\u00e1 \u00e9 adotada em outros estados, a exemplo de Maranh\u00e3o e Para\u00edba. Lessa tamb\u00e9m solicita a publiciza\u00e7\u00e3o do plano de reabertura de templos e locais de culto, incluindo as medidas preventivas e o planejamento a longo prazo referente \u00e0 poss\u00edvel amplia\u00e7\u00e3o progressiva do percentual m\u00ednimo de 30%.<\/p>\n<p style=\"text-align: justify;\">De acordo com o deputado, mesmo a realiza\u00e7\u00e3o de mais de uma programa\u00e7\u00e3o religiosa \u00e9 insuficiente para atender aos fi\u00e9is, levando-se em considera\u00e7\u00e3o que o n\u00famero de 50 pessoas inclui celebrantes, m\u00fasicos, operadores de imagem e som e demais equipes de volunt\u00e1rios. \u201cNosso pleito guarda o devido respeito ao estabelecido em portaria conjunta com normas de preven\u00e7\u00e3o ao cont\u00e1gio, apenas buscando uma adequa\u00e7\u00e3o \u00e0s m\u00faltiplas realidades quanto \u00e0 capacidade dos locais de culto e n\u00famero de frequentadores presenciais\u201d, explana o Delegado Lessa, no of\u00edcio.<\/p>\n<p style=\"text-align: justify;\">Foto: Roberto Soares\/Alepe.<\/p>\n","protected":false},"excerpt":{"rendered":"<p>Atrav\u00e9s de of\u00edcio encaminhado \u00e0 Secretaria Estadual de Sa\u00fade, o deputado estadual Delegado Lessa solicita que seja permitida a ocupa\u00e7\u00e3o&hellip;<\/p>\n","protected":false},"author":1,"featured_media":59524,"comment_status":"open","ping_status":"open","sticky":false,"template":"","format":"standard","meta":{"footnotes":""},"categories":[14122],"tags":[2,17948,19075],"class_list":["post-59523","post","type-post","status-publish","format-standard","has-post-thumbnail","hentry","category-politica","tag-blog-do-edvaldo-magalhaes","tag-coronavirus-2","tag-lessa-solicita-ampliacao-do-numero-permitido-de-pessoas-em-templos-religiosos"],"_links":{"self":[{"href":"https:\/\/blogdoedvaldomagalhaes.com.br\/index.php\/wp-json\/wp\/v2\/posts\/59523","targetHints":{"allow":["GET"]}}],"collection":[{"href":"https:\/\/blogdoedvaldomagalhaes.com.br\/index.php\/wp-json\/wp\/v2\/posts"}],"about":[{"href":"https:\/\/blogdoedvaldomagalhaes.com.br\/index.php\/wp-json\/wp\/v2\/types\/post"}],"author":[{"embeddable":true,"href":"https:\/\/blogdoedvaldomagalhaes.com.br\/index.php\/wp-json\/wp\/v2\/users\/1"}],"replies":[{"embeddable":true,"href":"https:\/\/blogdoedvaldomagalhaes.com.br\/index.php\/wp-json\/wp\/v2\/comments?post=59523"}],"version-history":[{"count":1,"href":"https:\/\/blogdoedvaldomagalhaes.com.br\/index.php\/wp-json\/wp\/v2\/posts\/59523\/revisions"}],"predecessor-version":[{"id":59525,"href":"https:\/\/blogdoedvaldomagalhaes.com.br\/index.php\/wp-json\/wp\/v2\/posts\/59523\/revisions\/59525"}],"wp:featuredmedia":[{"embeddable":true,"href":"https:\/\/blogdoedvaldomagalhaes.com.br\/index.php\/wp-json\/wp\/v2\/media\/59524"}],"wp:attachment":[{"href":"https:\/\/blogdoedvaldomagalhaes.com.br\/index.php\/wp-json\/wp\/v2\/media?parent=59523"}],"wp:term":[{"taxonomy":"category","embeddable":true,"href":"https:\/\/blogdoedvaldomagalhaes.com.br\/index.php\/wp-json\/wp\/v2\/categories?post=59523"},{"taxonomy":"post_tag","embeddable":true,"href":"https:\/\/blogdoedvaldomagalhaes.com.br\/index.php\/wp-json\/wp\/v2\/tags?post=59523"}],"curies":[{"name":"wp","href":"https:\/\/api.w.org\/{rel}","templated":true}]}}