{"id":59517,"date":"2020-07-31T16:34:29","date_gmt":"2020-07-31T19:34:29","guid":{"rendered":"https:\/\/blogdoedvaldomagalhaes.com.br\/?p=59517"},"modified":"2020-07-31T16:41:09","modified_gmt":"2020-07-31T19:41:09","slug":"morre-a-lider-comunitaria-maria-do-morro","status":"publish","type":"post","link":"https:\/\/blogdoedvaldomagalhaes.com.br\/index.php\/2020\/07\/31\/morre-a-lider-comunitaria-maria-do-morro\/","title":{"rendered":"Morre a l\u00edder comunit\u00e1ria Maria do Morro"},"content":{"rendered":"<p style=\"text-align: justify;\">A Associa\u00e7\u00e3o dos Moradores do Bairro Deputado Jos\u00e9 Ant\u00f4nio Liberato e o Vereador Pierson Leite, comunicam o falecimento de Dona Maria de Lourdes (Maria do Morro), v\u00edtima de Covid-19. Moradora do referido bairro, muito conhecida em Caruaru, pela mulher guerreira e destemida que sempre foi, inclusive passou muitos anos como presidente da Associa\u00e7\u00e3o dos Moradores do Centen\u00e1rio, e nos \u00faltimos anos vinha colaborando com os trabalhos da Associa\u00e7\u00e3o do Jos\u00e9 Liberato.<\/p>\n<p style=\"text-align: justify;\">Maria do Morro, foi uma das fundadoras do Sop\u00e3o Solid\u00e1rio do Jos\u00e9 Liberato que acontece todas as quintas feiras. <span style=\"font-size: inherit;\">&#8220;Registramos nosso agradecimento a Dona Maria do Morro por toda sua vida de empenho em ajudar o pr\u00f3ximo e prestamos nossos sentimentos a fam\u00edlia enlutada&#8221; Pierson Leite.<\/span><\/p>\n\n\n<figure class=\"wp-block-image size-large\"><img loading=\"lazy\" decoding=\"async\" width=\"608\" height=\"608\" src=\"https:\/\/blogdoedvaldomagalhaes.com.br\/wp-content\/uploads\/2020\/07\/FB_IMG_1596223647912.jpg\" alt=\"\" class=\"wp-image-59519\" srcset=\"https:\/\/blogdoedvaldomagalhaes.com.br\/wp-content\/uploads\/2020\/07\/FB_IMG_1596223647912.jpg 608w, https:\/\/blogdoedvaldomagalhaes.com.br\/wp-content\/uploads\/2020\/07\/FB_IMG_1596223647912-300x300.jpg 300w, https:\/\/blogdoedvaldomagalhaes.com.br\/wp-content\/uploads\/2020\/07\/FB_IMG_1596223647912-150x150.jpg 150w\" sizes=\"auto, (max-width: 608px) 100vw, 608px\" \/><\/figure>\n\n\n<p><span style=\"font-size: inherit;\">NOTA DE PESAR<\/span><\/p>\n<p style=\"text-align: justify;\">\u00c9 com profundo pesar que lamento a morte de dona Maria do Morro, minha amiga, amiga de minha fam\u00edlia e l\u00edder comunit\u00e1ria durante muitos anos em comunidades como o Centen\u00e1rio, Inocoop e no Monte Bom Jesus. Uma pessoa que sempre pensou e fez pelo pr\u00f3ximo. Meus sentimentos \u00e0 fam\u00edlia e aos amigos de dona Maria nesse momento de tanta tristeza.<\/p>","protected":false},"excerpt":{"rendered":"<p>A Associa\u00e7\u00e3o dos Moradores do Bairro Deputado Jos\u00e9 Ant\u00f4nio Liberato e o Vereador Pierson Leite, comunicam o falecimento de Dona&hellip;<\/p>\n","protected":false},"author":1,"featured_media":59518,"comment_status":"open","ping_status":"open","sticky":false,"template":"","format":"standard","meta":{"footnotes":""},"categories":[14120],"tags":[16881,19074],"class_list":["post-59517","post","type-post","status-publish","format-standard","has-post-thumbnail","hentry","category-noticias","tag-caruaru-e-regiao","tag-morre-a-lider-comunitaria-maria-do-morro"],"_links":{"self":[{"href":"https:\/\/blogdoedvaldomagalhaes.com.br\/index.php\/wp-json\/wp\/v2\/posts\/59517","targetHints":{"allow":["GET"]}}],"collection":[{"href":"https:\/\/blogdoedvaldomagalhaes.com.br\/index.php\/wp-json\/wp\/v2\/posts"}],"about":[{"href":"https:\/\/blogdoedvaldomagalhaes.com.br\/index.php\/wp-json\/wp\/v2\/types\/post"}],"author":[{"embeddable":true,"href":"https:\/\/blogdoedvaldomagalhaes.com.br\/index.php\/wp-json\/wp\/v2\/users\/1"}],"replies":[{"embeddable":true,"href":"https:\/\/blogdoedvaldomagalhaes.com.br\/index.php\/wp-json\/wp\/v2\/comments?post=59517"}],"version-history":[{"count":3,"href":"https:\/\/blogdoedvaldomagalhaes.com.br\/index.php\/wp-json\/wp\/v2\/posts\/59517\/revisions"}],"predecessor-version":[{"id":59522,"href":"https:\/\/blogdoedvaldomagalhaes.com.br\/index.php\/wp-json\/wp\/v2\/posts\/59517\/revisions\/59522"}],"wp:featuredmedia":[{"embeddable":true,"href":"https:\/\/blogdoedvaldomagalhaes.com.br\/index.php\/wp-json\/wp\/v2\/media\/59518"}],"wp:attachment":[{"href":"https:\/\/blogdoedvaldomagalhaes.com.br\/index.php\/wp-json\/wp\/v2\/media?parent=59517"}],"wp:term":[{"taxonomy":"category","embeddable":true,"href":"https:\/\/blogdoedvaldomagalhaes.com.br\/index.php\/wp-json\/wp\/v2\/categories?post=59517"},{"taxonomy":"post_tag","embeddable":true,"href":"https:\/\/blogdoedvaldomagalhaes.com.br\/index.php\/wp-json\/wp\/v2\/tags?post=59517"}],"curies":[{"name":"wp","href":"https:\/\/api.w.org\/{rel}","templated":true}]}}