{"id":59514,"date":"2020-07-31T15:57:32","date_gmt":"2020-07-31T18:57:32","guid":{"rendered":"https:\/\/blogdoedvaldomagalhaes.com.br\/?p=59514"},"modified":"2020-07-31T17:13:13","modified_gmt":"2020-07-31T20:13:13","slug":"governo-pe-prorroga-suspensao-das-aulas-presenciais-no-estado","status":"publish","type":"post","link":"https:\/\/blogdoedvaldomagalhaes.com.br\/index.php\/2020\/07\/31\/governo-pe-prorroga-suspensao-das-aulas-presenciais-no-estado\/","title":{"rendered":"Governo-PE prorroga suspens\u00e3o das aulas presenciais no Estado"},"content":{"rendered":"<p style=\"text-align: justify;\">O Governo de Pernambuco prorrogou a suspens\u00e3o das atividades presenciais nas institui\u00e7\u00f5es de ensino em todo o Estado at\u00e9 o dia de 15 de agosto. O plano de retomada, que cont\u00e9m os cronogramas de retorno \u00e0s aulas presenciais para a educa\u00e7\u00e3o b\u00e1sica, para o ensino superior e para os cursos livres dever\u00e1 ser divulgado nos pr\u00f3ximos dias. Para o retorno presencial, os estabelecimentos de ensino dever\u00e3o seguir protocolo sanit\u00e1rio espec\u00edfico, que foi apresentado \u00e0 sociedade no dia 15 de julho e ficou dispon\u00edvel para consulta p\u00fablica at\u00e9 o \u00faltimo dia 24. A vers\u00e3o final deste documento ser\u00e1 divulgada em breve.<\/p>\n<p style=\"text-align: justify;\">As aulas em todo o Estado est\u00e3o suspensas desde o dia 18 de mar\u00e7o. Entretanto, desde o m\u00eas de abril, os estudantes da Rede P\u00fablica Estadual t\u00eam acesso ao Educa-PE, iniciativa da Secretaria de Educa\u00e7\u00e3o e Esportes que transmite aulas n\u00e3o presenciais pela internet e por TV aberta para os estudantes do ensino m\u00e9dio e dos anos finais do ensino fundamental.<\/p>\n<p style=\"text-align: justify;\">Vale lembrar que, no \u00faltimo dia 13 de julho, o Governo autorizou, por meio de decreto, a realiza\u00e7\u00e3o de aulas pr\u00e1ticas presenciais e de est\u00e1gio para estudantes que est\u00e3o concluindo o primeiro semestre letivo, contemplando cursos de institui\u00e7\u00f5es de ensino superior e de Forma\u00e7\u00e3o Inicial e Continuada (FIC) ou de qualifica\u00e7\u00e3o profissional em institui\u00e7\u00f5es de educa\u00e7\u00e3o profissional e t\u00e9cnica.<\/p>\n","protected":false},"excerpt":{"rendered":"<p>O Governo de Pernambuco prorrogou a suspens\u00e3o das atividades presenciais nas institui\u00e7\u00f5es de ensino em todo o Estado at\u00e9 o&hellip;<\/p>\n","protected":false},"author":1,"featured_media":59515,"comment_status":"open","ping_status":"open","sticky":false,"template":"","format":"standard","meta":{"footnotes":""},"categories":[14120],"tags":[2,17948,19073],"class_list":["post-59514","post","type-post","status-publish","format-standard","has-post-thumbnail","hentry","category-noticias","tag-blog-do-edvaldo-magalhaes","tag-coronavirus-2","tag-governo-pe-prorroga-suspensao-das-aulas-presenciais-no-estado"],"_links":{"self":[{"href":"https:\/\/blogdoedvaldomagalhaes.com.br\/index.php\/wp-json\/wp\/v2\/posts\/59514","targetHints":{"allow":["GET"]}}],"collection":[{"href":"https:\/\/blogdoedvaldomagalhaes.com.br\/index.php\/wp-json\/wp\/v2\/posts"}],"about":[{"href":"https:\/\/blogdoedvaldomagalhaes.com.br\/index.php\/wp-json\/wp\/v2\/types\/post"}],"author":[{"embeddable":true,"href":"https:\/\/blogdoedvaldomagalhaes.com.br\/index.php\/wp-json\/wp\/v2\/users\/1"}],"replies":[{"embeddable":true,"href":"https:\/\/blogdoedvaldomagalhaes.com.br\/index.php\/wp-json\/wp\/v2\/comments?post=59514"}],"version-history":[{"count":2,"href":"https:\/\/blogdoedvaldomagalhaes.com.br\/index.php\/wp-json\/wp\/v2\/posts\/59514\/revisions"}],"predecessor-version":[{"id":59526,"href":"https:\/\/blogdoedvaldomagalhaes.com.br\/index.php\/wp-json\/wp\/v2\/posts\/59514\/revisions\/59526"}],"wp:featuredmedia":[{"embeddable":true,"href":"https:\/\/blogdoedvaldomagalhaes.com.br\/index.php\/wp-json\/wp\/v2\/media\/59515"}],"wp:attachment":[{"href":"https:\/\/blogdoedvaldomagalhaes.com.br\/index.php\/wp-json\/wp\/v2\/media?parent=59514"}],"wp:term":[{"taxonomy":"category","embeddable":true,"href":"https:\/\/blogdoedvaldomagalhaes.com.br\/index.php\/wp-json\/wp\/v2\/categories?post=59514"},{"taxonomy":"post_tag","embeddable":true,"href":"https:\/\/blogdoedvaldomagalhaes.com.br\/index.php\/wp-json\/wp\/v2\/tags?post=59514"}],"curies":[{"name":"wp","href":"https:\/\/api.w.org\/{rel}","templated":true}]}}