{"id":59506,"date":"2020-07-31T14:55:33","date_gmt":"2020-07-31T17:55:33","guid":{"rendered":"https:\/\/blogdoedvaldomagalhaes.com.br\/?p=59506"},"modified":"2020-07-31T14:55:50","modified_gmt":"2020-07-31T17:55:50","slug":"lojas-de-atendimento-da-compesa-voltam-a-funcionar-presencialmente","status":"publish","type":"post","link":"https:\/\/blogdoedvaldomagalhaes.com.br\/index.php\/2020\/07\/31\/lojas-de-atendimento-da-compesa-voltam-a-funcionar-presencialmente\/","title":{"rendered":"Lojas de atendimento da Compesa voltam a funcionar presencialmente"},"content":{"rendered":"<p style=\"text-align: justify;\"><span style=\"font-size: inherit;\">A partir da pr\u00f3xima segunda-feira (03), 144 das 157 lojas de atendimento da Compesa no Estado voltar\u00e3o a funcionar de forma gradativa e outras exclusivamente atrav\u00e9s de agendamento. As 13 restantes aguardam os \u00faltimos ajustes para a reabertura. A retomada das atividades seguir\u00e1 um rigoroso protocolo de higiene e de distanciamento a fim de prevenir a dissemina\u00e7\u00e3o do novo coronav\u00edrus. O agendamento dever\u00e1 ser realizado no Portal do Cidad\u00e3o (https:\/\/cidadaodigital.pe.gov.br\/). Os hor\u00e1rios de atendimento continuar\u00e3o de segunda a sexta, das 08h \u00e0s 17h, e aos s\u00e1bados, das 08h \u00e0s 12h. Apesar da reabertura das lojas f\u00edsicas, os clientes continuam dispondo dos servi\u00e7os on-line na Loja Virtual da Compesa acessando o site www.compesa.com.br e tamb\u00e9m do App Compesa Mobile.<\/span><\/p>\n<p style=\"text-align: justify;\">A Compesa montou esquema especial para o retorno das atividades com seguran\u00e7a para clientes e funcion\u00e1rios. De acordo com o diretor de Mercado e Atendimento, Carlos J\u00fanior, cartazes com orienta\u00e7\u00f5es para os colaboradores e clientes foram afixados em todas as lojas, al\u00e9m de readequa\u00e7\u00f5es do espa\u00e7o f\u00edsico para respeitar a dist\u00e2ncia m\u00ednima. \u201cEstamos cumprindo um rigoroso controle para essa retomada e atendendo \u00e0s orienta\u00e7\u00f5es do Governo do Estado em rela\u00e7\u00e3o ao distanciamento, higieniza\u00e7\u00e3o e uso de m\u00e1scaras e protetores faciais\u201d, garantiu.<\/p>\n<p style=\"text-align: justify;\">Segundo ele, as lojas estar\u00e3o totalmente readequadas e com os espa\u00e7os sinalizados a cada dois metros para manter o distanciamento entre as pessoas. \u201cPara evitar aglomera\u00e7\u00e3o s\u00f3 ser\u00e1 permitida a entrada nas lojas de um cliente por vez e utilizando a m\u00e1scara de prote\u00e7\u00e3o. Nos locais, os clientes encontrar\u00e3o recipientes com \u00e1lcool em gel para a higieniza\u00e7\u00e3o das m\u00e3os\u201d, destaca Carlos J\u00fanior.<\/p>\n<p style=\"text-align: justify;\">Os colaboradores est\u00e3o sendo devidamente orientados para conservar os ambientes arejados e ventilados, manter o distanciamento recomendado pela Organiza\u00e7\u00e3o Mundial de Sa\u00fade, higienizar as m\u00e3os ap\u00f3s o atendimento a cada pessoa e realizar a desinfec\u00e7\u00e3o de bancada, maquin\u00e1rio, ma\u00e7aneta, interruptores e demais objetos tocados com frequ\u00eancia.<\/p>\n<p style=\"text-align: justify;\">\nEXPRESSO CIDAD\u00c3O \u2013 As sete lojas que funcionam nas unidades dos Expressos Cidad\u00e3o foram reabertas na \u00faltima segunda-feira (27), com exce\u00e7\u00e3o de Vit\u00f3ria de Santo Ant\u00e3o que ser\u00e1 reaberta amanh\u00e3 (01\/08). Assim, as lojas de Salgueiro, Caruaru, Garanhuns, Recife (Shopping Rio Mar e Boa Vista) e Olinda (Shopping Pateo) j\u00e1 retomaram suas atividades.<\/p>\n<p style=\"text-align: justify;\">\nVeja a rela\u00e7\u00e3o das 28 lojas que far\u00e3o atendimentos exclusivamente atrav\u00e9s de agendamento:<\/p>\n<p style=\"text-align: justify;\">EXPRESSO CIDAD\u00c3O VIT\u00d3RIA DE SANTO ANT\u00c3O<\/p>\n<p style=\"text-align: justify;\">EXPRESSO CIDAD\u00c3O SALGUEIRO<\/p>\n<p style=\"text-align: justify;\">EXPRESSO CIDAD\u00c3O RIO MAR<\/p>\n<p style=\"text-align: justify;\">EXPRESSO CIDAD\u00c3O PATEO<\/p>\n<p style=\"text-align: justify;\">EXPRESSO CIDAD\u00c3O GARANHUNS<\/p>\n<p style=\"text-align: justify;\">EXPRESSO CIDAD\u00c3O CARUARU<\/p>\n<p style=\"text-align: justify;\">EXPRESSO CIDAD\u00c3O BOA VISTA<\/p>\n<p style=\"text-align: justify;\">ATENDIMENTO ST\u00aa CRUZ DO CAPIBARIBE<\/p>\n<p style=\"text-align: justify;\">ATENDIMENTO S\u00c3O LOUREN\u00c7O DA MATA<\/p>\n<p style=\"text-align: justify;\">ATENDIMENTO PRAZERES<\/p>\n<p style=\"text-align: justify;\">ATENDIMENTO PETROLINA<\/p>\n<p style=\"text-align: justify;\">ATENDIMENTO PAULISTA<\/p>\n<p style=\"text-align: justify;\">ATENDIMENTO PAU AMARELO<\/p>\n<p style=\"text-align: justify;\">ATENDIMENTO OLINDA<\/p>\n<p style=\"text-align: justify;\">ATENDIMENTO LARGO DA PAZ<\/p>\n<p style=\"text-align: justify;\">ATENDIMENTO JANGADINHA<\/p>\n<p style=\"text-align: justify;\">ATENDIMENTO JABOAT\u00c3O<\/p>\n<p style=\"text-align: justify;\">ATENDIMENTO IGARASSU<\/p>\n<p style=\"text-align: justify;\">ATENDIMENTO IBURA<\/p>\n<p style=\"text-align: justify;\">ATENDIMENTO GRAVAT\u00c1<\/p>\n<p style=\"text-align: justify;\">ATENDIMENTO GARANHUNS<\/p>\n<p style=\"text-align: justify;\">ATENDIMENTO DOIS IRM\u00c3OS<\/p>\n<p style=\"text-align: justify;\">ATENDIMENTO CARUARU<\/p>\n<p style=\"text-align: justify;\">ATENDIMENTO CAMARAGIBE<\/p>\n<p style=\"text-align: justify;\">ATENDIMENTO CABO<\/p>\n<p style=\"text-align: justify;\">ATENDIMENTO BOA VISTA<\/p>\n<p style=\"text-align: justify;\">ATENDIMENTO BELO JARDIM<\/p>\n<p style=\"text-align: justify;\">ATENDIMENTO ABREU E LIMA<\/p>\n","protected":false},"excerpt":{"rendered":"<p>A partir da pr\u00f3xima segunda-feira (03), 144 das 157 lojas de atendimento da Compesa no Estado voltar\u00e3o a funcionar de&hellip;<\/p>\n","protected":false},"author":1,"featured_media":59507,"comment_status":"open","ping_status":"open","sticky":false,"template":"","format":"standard","meta":{"footnotes":""},"categories":[14120],"tags":[17948,19072],"class_list":["post-59506","post","type-post","status-publish","format-standard","has-post-thumbnail","hentry","category-noticias","tag-coronavirus-2","tag-lojas-de-atendimento-da-compesa-voltam-a-funcionar-presencialmente"],"_links":{"self":[{"href":"https:\/\/blogdoedvaldomagalhaes.com.br\/index.php\/wp-json\/wp\/v2\/posts\/59506","targetHints":{"allow":["GET"]}}],"collection":[{"href":"https:\/\/blogdoedvaldomagalhaes.com.br\/index.php\/wp-json\/wp\/v2\/posts"}],"about":[{"href":"https:\/\/blogdoedvaldomagalhaes.com.br\/index.php\/wp-json\/wp\/v2\/types\/post"}],"author":[{"embeddable":true,"href":"https:\/\/blogdoedvaldomagalhaes.com.br\/index.php\/wp-json\/wp\/v2\/users\/1"}],"replies":[{"embeddable":true,"href":"https:\/\/blogdoedvaldomagalhaes.com.br\/index.php\/wp-json\/wp\/v2\/comments?post=59506"}],"version-history":[{"count":1,"href":"https:\/\/blogdoedvaldomagalhaes.com.br\/index.php\/wp-json\/wp\/v2\/posts\/59506\/revisions"}],"predecessor-version":[{"id":59508,"href":"https:\/\/blogdoedvaldomagalhaes.com.br\/index.php\/wp-json\/wp\/v2\/posts\/59506\/revisions\/59508"}],"wp:featuredmedia":[{"embeddable":true,"href":"https:\/\/blogdoedvaldomagalhaes.com.br\/index.php\/wp-json\/wp\/v2\/media\/59507"}],"wp:attachment":[{"href":"https:\/\/blogdoedvaldomagalhaes.com.br\/index.php\/wp-json\/wp\/v2\/media?parent=59506"}],"wp:term":[{"taxonomy":"category","embeddable":true,"href":"https:\/\/blogdoedvaldomagalhaes.com.br\/index.php\/wp-json\/wp\/v2\/categories?post=59506"},{"taxonomy":"post_tag","embeddable":true,"href":"https:\/\/blogdoedvaldomagalhaes.com.br\/index.php\/wp-json\/wp\/v2\/tags?post=59506"}],"curies":[{"name":"wp","href":"https:\/\/api.w.org\/{rel}","templated":true}]}}