{"id":595,"date":"2018-11-28T01:42:00","date_gmt":"2018-11-28T03:42:00","guid":{"rendered":"http:\/\/blogdoedvaldomagalhaes.com.br\/index.php\/2018\/11\/28\/camara-de-caruaru-debate-trabalho\/"},"modified":"2019-02-09T02:43:15","modified_gmt":"2019-02-09T04:43:15","slug":"camara-de-caruaru-debate-trabalho","status":"publish","type":"post","link":"https:\/\/blogdoedvaldomagalhaes.com.br\/index.php\/2018\/11\/28\/camara-de-caruaru-debate-trabalho\/","title":{"rendered":"C\u00e2mara de Caruaru debate trabalho infantil em Audi\u00eancia P\u00fablica nesta quarta (28)"},"content":{"rendered":"<div class=\"separator\" style=\"clear: both; text-align: center;\">\n<a href=\"https:\/\/2.bp.blogspot.com\/-TGssA2Eou-o\/W_3xvNadBqI\/AAAAAAAA-fU\/xZsU8CzyiswXpY7BwymyybwKMH5wd6j1gCLcBGAs\/s1600\/IMG-20181127-WA0164.jpg\" imageanchor=\"1\" style=\"margin-left: 1em; margin-right: 1em;\"><img loading=\"lazy\" decoding=\"async\" border=\"0\" data-original-height=\"900\" data-original-width=\"1280\" height=\"450\" src=\"http:\/\/blogdoedvaldomagalhaes.com.br\/wp-content\/uploads\/2018\/11\/IMG-20181127-WA0164.jpg\" width=\"640\" \/><\/a><\/div>\n<p><\/p>\n<div style=\"text-align: justify;\">\nA pedido do Tribunal Regional do Trabalho \u2013 Regi\u00e3o 6, o Presidente da C\u00e2mara, vereador Lula T\u00f4rres (PSDB) solicitou a audi\u00eancia p\u00fablica que tratar\u00e1 do tema \u201cO Mundo Sem Trabalho Infantil\u201d. O debate dever\u00e1 acontecer nesta quarta-feira, 28 de novembro, a partir das 9h.<\/div>\n<p><\/p>\n<div style=\"text-align: justify;\">\n<\/div>\n<p><\/p>\n<div style=\"text-align: justify;\">\nDe acordo com a Pesquisa Nacional de Amostra por Domic\u00edlio (PNAD), mais de 2,7 milh\u00f5es de crian\u00e7as e adolescentes, com idade entre 5 e 17 anos, est\u00e3o em situa\u00e7\u00e3o de trabalho no Brasil.<\/div>\n<div style=\"text-align: justify;\">\n<\/div>\n<p><\/p>\n<div style=\"text-align: justify;\">\nDevem participar da audi\u00eancia p\u00fablica, o Presidente do Tribunal Regional do Trabalho (TRT) de Pernambuco, Ivan de Souza Valen\u00e7a Alves, o Desembargador do TRT \u2013 Regi\u00e3o 6, Paulo Alc\u00e2ntara, al\u00e9m do Secret\u00e1rio de Educa\u00e7\u00e3o de Caruaru Rubenildo Moura, membros do Conselho Municipal dos Direitos da Crian\u00e7a e do Adolescente de Caruaru (COMDICA) e outras autoridades.<\/div>\n<p><\/p>\n<div class=\"separator\" style=\"clear: both; text-align: center;\">\n<a href=\"https:\/\/1.bp.blogspot.com\/-T42QOlYYDEs\/W_30_afGZCI\/AAAAAAAA-fg\/2Ys8HhI1LUAN-xR8aUCTu2NvhQMYmso2wCLcBGAs\/s1600\/IMG-20181127-WA0163.jpg\" imageanchor=\"1\" style=\"margin-left: 1em; margin-right: 1em;\"><img loading=\"lazy\" decoding=\"async\" border=\"0\" data-original-height=\"900\" data-original-width=\"1280\" height=\"450\" src=\"http:\/\/blogdoedvaldomagalhaes.com.br\/wp-content\/uploads\/2018\/11\/IMG-20181127-WA0163.jpg\" width=\"640\" \/><\/a><\/div>\n<div style=\"text-align: justify;\">\nPara o vereador Lula T\u00f4rres, o debate do tema do trabalho infantil \u00e9 de extrema import\u00e2ncia. \u201cMe sinto feliz em poder propor esta audi\u00eancia p\u00fablica, a pedido do TRT, que de uma sensibilidade muito grande vem tratar sobre o trabalho infantil. Nossas crian\u00e7as e jovens devem brincar, crescer e trabalhar s\u00f3 na hora certa. Mais uma vez, a C\u00e2mara Municipal cumpre o seu papel social na defesa e debate de temas relevantes para a sociedade\u201d.<\/div>\n","protected":false},"excerpt":{"rendered":"<p>A pedido do Tribunal Regional do Trabalho \u2013 Regi\u00e3o 6, o Presidente da C\u00e2mara, vereador Lula T\u00f4rres (PSDB) solicitou a&hellip;<\/p>\n","protected":false},"author":1,"featured_media":0,"comment_status":"open","ping_status":"open","sticky":false,"template":"","format":"standard","meta":{"footnotes":""},"categories":[1],"tags":[2,515,20],"class_list":["post-595","post","type-post","status-publish","format-standard","hentry","category-sem-categoria","tag-blog-do-edvaldo-magalhaes","tag-camara-de-caruaru-debate-trabalho-infantil-em-audiencia-publica-nesta-quarta-28","tag-politica"],"_links":{"self":[{"href":"https:\/\/blogdoedvaldomagalhaes.com.br\/index.php\/wp-json\/wp\/v2\/posts\/595","targetHints":{"allow":["GET"]}}],"collection":[{"href":"https:\/\/blogdoedvaldomagalhaes.com.br\/index.php\/wp-json\/wp\/v2\/posts"}],"about":[{"href":"https:\/\/blogdoedvaldomagalhaes.com.br\/index.php\/wp-json\/wp\/v2\/types\/post"}],"author":[{"embeddable":true,"href":"https:\/\/blogdoedvaldomagalhaes.com.br\/index.php\/wp-json\/wp\/v2\/users\/1"}],"replies":[{"embeddable":true,"href":"https:\/\/blogdoedvaldomagalhaes.com.br\/index.php\/wp-json\/wp\/v2\/comments?post=595"}],"version-history":[{"count":1,"href":"https:\/\/blogdoedvaldomagalhaes.com.br\/index.php\/wp-json\/wp\/v2\/posts\/595\/revisions"}],"predecessor-version":[{"id":36230,"href":"https:\/\/blogdoedvaldomagalhaes.com.br\/index.php\/wp-json\/wp\/v2\/posts\/595\/revisions\/36230"}],"wp:attachment":[{"href":"https:\/\/blogdoedvaldomagalhaes.com.br\/index.php\/wp-json\/wp\/v2\/media?parent=595"}],"wp:term":[{"taxonomy":"category","embeddable":true,"href":"https:\/\/blogdoedvaldomagalhaes.com.br\/index.php\/wp-json\/wp\/v2\/categories?post=595"},{"taxonomy":"post_tag","embeddable":true,"href":"https:\/\/blogdoedvaldomagalhaes.com.br\/index.php\/wp-json\/wp\/v2\/tags?post=595"}],"curies":[{"name":"wp","href":"https:\/\/api.w.org\/{rel}","templated":true}]}}