{"id":5939,"date":"2017-05-19T11:03:00","date_gmt":"2017-05-19T14:03:00","guid":{"rendered":"http:\/\/blogdoedvaldomagalhaes.com.br\/index.php\/2017\/05\/19\/concurso-de-ideias-sera-realizado-para\/"},"modified":"2019-02-09T01:27:17","modified_gmt":"2019-02-09T03:27:17","slug":"concurso-de-ideias-sera-realizado-para","status":"publish","type":"post","link":"https:\/\/blogdoedvaldomagalhaes.com.br\/index.php\/2017\/05\/19\/concurso-de-ideias-sera-realizado-para\/","title":{"rendered":"Concurso de Ideias ser\u00e1 realizado para revitalizar o centro comercial de Caruaru"},"content":{"rendered":"<div class=\"separator\" style=\"clear: both; text-align: center;\">\n<a href=\"https:\/\/2.bp.blogspot.com\/-YYF1R56zuiw\/WR7QZKINtgI\/AAAAAAAAVtQ\/eP4bhnvo1igarCQPx2L6ykG0VsWTDdrWwCLcB\/s1600\/centro.jpg\" imageanchor=\"1\" style=\"margin-left: 1em; margin-right: 1em;\"><img loading=\"lazy\" decoding=\"async\" border=\"0\" height=\"300\" src=\"http:\/\/blogdoedvaldomagalhaes.com.br\/wp-content\/uploads\/2017\/05\/centro.jpg\" width=\"400\" \/><\/a><\/div>\n<div class=\"separator\" style=\"clear: both; text-align: center;\">\nFoto: Karlla\/R\u00e1dio Liberdade<\/div>\n<div style=\"background: white; margin-bottom: 7.5pt; margin-left: 0cm; margin-right: 0cm; margin-top: 0cm; mso-line-height-alt: 18.0pt; text-align: justify;\">\n<\/div>\n<div style=\"background: white; margin-bottom: 7.5pt; margin-left: 0cm; margin-right: 0cm; margin-top: 0cm; mso-line-height-alt: 18.0pt; text-align: justify;\">\nOs<br \/>\nproblemas do Centro Comercial de Caruaru ser\u00e3o mote de um Concurso de Ideias a<br \/>\nser realizado em parceria da C\u00e2mara de Diretores Lojistas (CDL) e<br \/>\nDevry\/Unifavip. Em uma reuni\u00e3o no dia 31 de maio ser\u00e1 entregue um documento com<br \/>\nos principais problemas, principalmente os relacionados \u00e0 mobilidade e<br \/>\nacessibilidade.<\/div>\n<div style=\"background: white; box-sizing: border-box; margin: 0cm 0cm 7.5pt; text-align: justify;\">\nParticipar\u00e3o do encontro, no Centro Universit\u00e1rio, \u00e0s 19h30,<br \/>\nrepresentantes da CDL, da Prefeitura, Unifavip e 19 equipes formadas por<br \/>\nestudantes de Arquitetura. Cada equipe ser\u00e1 orientada por um professor do curso<br \/>\nde Arquitetura e precisar\u00e1 elaborar um plano de reabilita\u00e7\u00e3o para o Centro<br \/>\nComercial de Caruaru at\u00e9 o dia 2 de agosto.<\/div>\n<div style=\"background: white; box-sizing: border-box; margin: 0cm 0cm 7.5pt; text-align: justify;\">\nO resultado do concurso sai no dia 31 de agosto e a premia\u00e7\u00e3o<br \/>\nacontece no dia 6 de setembro.&nbsp; A premia\u00e7\u00e3o ser\u00e1 dividida em primeiro,<br \/>\nsegundo e terceiro lugares dentre as equipes participantes.<\/div>\n<div style=\"background-color: white; box-sizing: border-box; line-height: 24px; margin-bottom: 10px; text-align: justify;\">\n<\/div>\n<div style=\"background: white; box-sizing: border-box; margin: 0cm 0cm 7.5pt; text-align: justify;\">\nOs ganhadores receber\u00e3o, respectivamente, 5 mil reais primeiro<br \/>\nlugar, 3 mil o segundo e 2 mil reais terceiro lugar. Os professores que<br \/>\norientar\u00e3o as equipes classificadas ser\u00e3o premiados com um vale brinde no valor<br \/>\nde 1.500 reais, 1 mil e 500 reais.<\/p>\n<div class=\"separator\" style=\"clear: both; text-align: center;\">\n<a href=\"http:\/\/blogdoedvaldomagalhaes.com.br\/wp-content\/uploads\/2017\/05\/str-5.jpg\" imageanchor=\"1\" style=\"clear: left; float: left; margin-bottom: 1em; margin-right: 1em;\"><img decoding=\"async\" border=\"0\" src=\"http:\/\/blogdoedvaldomagalhaes.com.br\/wp-content\/uploads\/2017\/05\/str-5.jpg\" \/><\/a><\/div>\n<p><\/div>\n","protected":false},"excerpt":{"rendered":"<p>Foto: Karlla\/R\u00e1dio Liberdade Os problemas do Centro Comercial de Caruaru ser\u00e3o mote de um Concurso de Ideias a ser realizado&hellip;<\/p>\n","protected":false},"author":1,"featured_media":0,"comment_status":"open","ping_status":"open","sticky":false,"template":"","format":"standard","meta":{"footnotes":""},"categories":[1],"tags":[2,1515,7979,5022,6],"class_list":["post-5939","post","type-post","status-publish","format-standard","hentry","category-sem-categoria","tag-blog-do-edvaldo-magalhaes","tag-cdl","tag-concurso-de-ideias-sera-realizado-para-revitalizar-o-centro-comercial-de-caruaru","tag-devryunifavip","tag-noticias"],"_links":{"self":[{"href":"https:\/\/blogdoedvaldomagalhaes.com.br\/index.php\/wp-json\/wp\/v2\/posts\/5939","targetHints":{"allow":["GET"]}}],"collection":[{"href":"https:\/\/blogdoedvaldomagalhaes.com.br\/index.php\/wp-json\/wp\/v2\/posts"}],"about":[{"href":"https:\/\/blogdoedvaldomagalhaes.com.br\/index.php\/wp-json\/wp\/v2\/types\/post"}],"author":[{"embeddable":true,"href":"https:\/\/blogdoedvaldomagalhaes.com.br\/index.php\/wp-json\/wp\/v2\/users\/1"}],"replies":[{"embeddable":true,"href":"https:\/\/blogdoedvaldomagalhaes.com.br\/index.php\/wp-json\/wp\/v2\/comments?post=5939"}],"version-history":[{"count":1,"href":"https:\/\/blogdoedvaldomagalhaes.com.br\/index.php\/wp-json\/wp\/v2\/posts\/5939\/revisions"}],"predecessor-version":[{"id":19851,"href":"https:\/\/blogdoedvaldomagalhaes.com.br\/index.php\/wp-json\/wp\/v2\/posts\/5939\/revisions\/19851"}],"wp:attachment":[{"href":"https:\/\/blogdoedvaldomagalhaes.com.br\/index.php\/wp-json\/wp\/v2\/media?parent=5939"}],"wp:term":[{"taxonomy":"category","embeddable":true,"href":"https:\/\/blogdoedvaldomagalhaes.com.br\/index.php\/wp-json\/wp\/v2\/categories?post=5939"},{"taxonomy":"post_tag","embeddable":true,"href":"https:\/\/blogdoedvaldomagalhaes.com.br\/index.php\/wp-json\/wp\/v2\/tags?post=5939"}],"curies":[{"name":"wp","href":"https:\/\/api.w.org\/{rel}","templated":true}]}}