{"id":59288,"date":"2020-07-27T08:49:33","date_gmt":"2020-07-27T11:49:33","guid":{"rendered":"https:\/\/blogdoedvaldomagalhaes.com.br\/?p=59288"},"modified":"2020-07-27T08:49:40","modified_gmt":"2020-07-27T11:49:40","slug":"novo-superintendente-da-prf-toma-posse-em-pernambuco","status":"publish","type":"post","link":"https:\/\/blogdoedvaldomagalhaes.com.br\/index.php\/2020\/07\/27\/novo-superintendente-da-prf-toma-posse-em-pernambuco\/","title":{"rendered":"Novo superintendente da PRF toma posse em Pernambuco"},"content":{"rendered":"<p style=\"text-align: justify;\"><span style=\"font-size: inherit;\">O novo Superintendente da Pol\u00edcia Rodovi\u00e1ria Federal em Pernambuco, S\u00e1vio Jos\u00e9 da Silveira Mac\u00eado, ser\u00e1 empossado nesta segunda-feira (27), em cerim\u00f4nia restrita para o p\u00fablico interno, em virtude da pandemia do Covid-19. A cerim\u00f4nia ocorrer\u00e1 no p\u00e1tio externo da Sede da PRF e obedecer\u00e1 aos protocolos de seguran\u00e7a sanit\u00e1ria, com a utiliza\u00e7\u00e3o de m\u00e1scaras, distanciamento entre as cadeiras e higieniza\u00e7\u00e3o do ambiente.<\/span><\/p>\n<p style=\"text-align: justify;\">O novo superintendente ocupa o lugar de Alexandre Rodrigues da Silva, que esteve \u00e0 frente do \u00f3rg\u00e3o entre julho de 2018 a junho de 2020. A cerim\u00f4nia contar\u00e1 com a presen\u00e7a do Diretor-geral da PRF, Eduardo Aggio de S\u00e1 e de outros diretores do \u00f3rg\u00e3o.<\/p>\n<p style=\"text-align: justify;\">A solenidade ocorre no m\u00eas em que a PRF completa 92 anos e a participa\u00e7\u00e3o do Diretor-geral integra uma s\u00e9rie de visitas programadas para outras regionais do Nordeste. \u00c0 tarde, Mac\u00eado e Aggio participam de reuni\u00f5es com representantes da Secretaria de Defesa Social (SDS) e do Minist\u00e9rio P\u00fablico Federal (MPF), para fortalecer parcerias entre os \u00f3rg\u00e3os em prol da seguran\u00e7a p\u00fablica.<\/p>\n<p style=\"text-align: justify;\">*Experi\u00eancia e Qualifica\u00e7\u00f5es*<\/p>\n<p style=\"text-align: justify;\">Desde o ingresso na PRF, Mac\u00eado assumiu posi\u00e7\u00f5es de destaque no \u00f3rg\u00e3o e se sobressaiu pelo perfil de lideran\u00e7a e profissionalismo. Entre os anos de 2005 e 2006, Mac\u00eado atuou no N\u00facleo de Opera\u00e7\u00f5es Especiais (NOE) e assumiu a chefia da Central de Informa\u00e7\u00f5es Operacionais de Rond\u00f4nia (atual C3R).<\/p>\n<p style=\"text-align: justify;\">Em seguida, foi transferido para Serra Talhada, onde atuou no Grupo de Patrulhamento T\u00e1tico e se tornou chefe do N\u00facleo de Policiamento e Fiscaliza\u00e7\u00e3o da Delegacia. Tamb\u00e9m foi chefe substituto do NOE\/PE, chefe do N\u00facleo de Assuntos Internos e atualmente exercia a fun\u00e7\u00e3o de Corregedor Regional, al\u00e9m de integrar o projeto L\u00edderes da institui\u00e7\u00e3o.<\/p>\n<p style=\"text-align: justify;\">Destacou-se na forma\u00e7\u00e3o na \u00e1rea operacional, atrav\u00e9s dos cursos de T\u00e9cnicas Policiais de Combate ao Crime e Motociclista Policial, A\u00e7\u00f5es T\u00e1ticas da PM\/AL, Caatinga e Seguran\u00e7a de Autoridades pelo Ex\u00e9rcito Brasileiro.<\/p>\n<p style=\"text-align: justify;\">O perfil de lideran\u00e7a foi aperfei\u00e7oado a partir da especializa\u00e7\u00e3o em diversas \u00e1reas de conhecimento estrat\u00e9gico. Qualificou-se em Investiga\u00e7\u00e3o Patrimonial, Gest\u00e3o de Riscos e Controles Internos pela CGU, Opera\u00e7\u00f5es em Assuntos Internos, T\u00e9cnicas de Entrevista e Coaching em Estilo de Lideran\u00e7a.<\/p>\n","protected":false},"excerpt":{"rendered":"<p>O novo Superintendente da Pol\u00edcia Rodovi\u00e1ria Federal em Pernambuco, S\u00e1vio Jos\u00e9 da Silveira Mac\u00eado, ser\u00e1 empossado nesta segunda-feira (27), em&hellip;<\/p>\n","protected":false},"author":1,"featured_media":59289,"comment_status":"open","ping_status":"open","sticky":false,"template":"","format":"standard","meta":{"footnotes":""},"categories":[14120],"tags":[2,19023,287],"class_list":["post-59288","post","type-post","status-publish","format-standard","has-post-thumbnail","hentry","category-noticias","tag-blog-do-edvaldo-magalhaes","tag-novo-superintendente-da-prf-toma-posse-em-pernambuco","tag-prf"],"_links":{"self":[{"href":"https:\/\/blogdoedvaldomagalhaes.com.br\/index.php\/wp-json\/wp\/v2\/posts\/59288","targetHints":{"allow":["GET"]}}],"collection":[{"href":"https:\/\/blogdoedvaldomagalhaes.com.br\/index.php\/wp-json\/wp\/v2\/posts"}],"about":[{"href":"https:\/\/blogdoedvaldomagalhaes.com.br\/index.php\/wp-json\/wp\/v2\/types\/post"}],"author":[{"embeddable":true,"href":"https:\/\/blogdoedvaldomagalhaes.com.br\/index.php\/wp-json\/wp\/v2\/users\/1"}],"replies":[{"embeddable":true,"href":"https:\/\/blogdoedvaldomagalhaes.com.br\/index.php\/wp-json\/wp\/v2\/comments?post=59288"}],"version-history":[{"count":1,"href":"https:\/\/blogdoedvaldomagalhaes.com.br\/index.php\/wp-json\/wp\/v2\/posts\/59288\/revisions"}],"predecessor-version":[{"id":59290,"href":"https:\/\/blogdoedvaldomagalhaes.com.br\/index.php\/wp-json\/wp\/v2\/posts\/59288\/revisions\/59290"}],"wp:featuredmedia":[{"embeddable":true,"href":"https:\/\/blogdoedvaldomagalhaes.com.br\/index.php\/wp-json\/wp\/v2\/media\/59289"}],"wp:attachment":[{"href":"https:\/\/blogdoedvaldomagalhaes.com.br\/index.php\/wp-json\/wp\/v2\/media?parent=59288"}],"wp:term":[{"taxonomy":"category","embeddable":true,"href":"https:\/\/blogdoedvaldomagalhaes.com.br\/index.php\/wp-json\/wp\/v2\/categories?post=59288"},{"taxonomy":"post_tag","embeddable":true,"href":"https:\/\/blogdoedvaldomagalhaes.com.br\/index.php\/wp-json\/wp\/v2\/tags?post=59288"}],"curies":[{"name":"wp","href":"https:\/\/api.w.org\/{rel}","templated":true}]}}