{"id":59279,"date":"2020-07-26T19:56:18","date_gmt":"2020-07-26T22:56:18","guid":{"rendered":"https:\/\/blogdoedvaldomagalhaes.com.br\/?p=59279"},"modified":"2020-07-26T19:56:24","modified_gmt":"2020-07-26T22:56:24","slug":"mais-de-700-mil-pessoas-alcancadas-nos-ultimos-4-meses-nas-barreiras-sanitarias-de-caruaru","status":"publish","type":"post","link":"https:\/\/blogdoedvaldomagalhaes.com.br\/index.php\/2020\/07\/26\/mais-de-700-mil-pessoas-alcancadas-nos-ultimos-4-meses-nas-barreiras-sanitarias-de-caruaru\/","title":{"rendered":"Mais de 700 mil pessoas alcan\u00e7adas nos \u00faltimos 4 meses nas barreiras sanit\u00e1rias de Caruaru"},"content":{"rendered":"<p style=\"text-align: justify;\"><span style=\"font-size: inherit;\">Seguindo o Plano de Isolamento Social Intensivo definido pela Prefeitura de Caruaru, as barreiras sanit\u00e1rias instaladas em pontos estrat\u00e9gicos da cidade ao longo dos \u00faltimos meses para o combate \u00e0 Covid-19 alcan\u00e7aram mais de 700 mil pessoas. A a\u00e7\u00e3o j\u00e1 abordou, at\u00e9 o momento, mais de 162 mil ve\u00edculos.<\/span><\/p>\n<p style=\"text-align: justify;\">Durante as abordagens preventivas, foram identificadas cerca de 40 mil pessoas em vulnerabilidade, dentre eles, idosos, crian\u00e7as e gestantes. Outro ponto importante \u00e9 que mais de mil ve\u00edculos pararam espontaneamente nas barreiras para solicitar informa\u00e7\u00f5es ou fazer den\u00fancias, colaborando com as a\u00e7\u00f5es de combate ao novo coronav\u00edrus.<\/p>\n<p style=\"text-align: justify;\">Al\u00e9m de abordagens educativas, as barreiras ganharam refor\u00e7os na estrutura. &#8220;Disponibilizamos pontos de higieniza\u00e7\u00e3o das m\u00e3os com lavat\u00f3rios e \u00e1lcool gel, al\u00e9m da distribuir gratuitamente m\u00e1scaras para a popula\u00e7\u00e3o e orientar sobre a rede de sa\u00fade&#8221;, explica a secret\u00e1ria de Ordem P\u00fablica, Karla Vieira.<\/p>\n<p style=\"text-align: justify;\">Com o apoio da Secretaria Municipal de Sa\u00fade, foi poss\u00edvel aferir a temperatura da popula\u00e7\u00e3o com a utiliza\u00e7\u00e3o de term\u00f4metros com infravermelho, e conferir a porcentagem de hemoglobina arterial, com a ajuda de ox\u00edmetros. Quase 18 mil pessoas utilizaram os equipamentos que auxiliam na identifica\u00e7\u00e3o de casos suspeitos de Covid-19, dessas 274 pessoas foram encaminhadas para unidades de sa\u00fade e outros 2 mil ve\u00edculos foram orientados a voltar para as resid\u00eancias, de acordo com decreto em vigor.<\/p>\n<p style=\"text-align: justify;\">\u201cEstaremos intensificando as a\u00e7\u00f5es com novos pontos estrat\u00e9gicos, dentre eles, a CEACA, Delivery Sulanca e centro da cidade. Esses locais t\u00eam como o objetivo atender a popula\u00e7\u00e3o de forma mais intensa. Atualmente, a m\u00e9dia do mapa de isolamento social em Caruaru gira em torno de 40%&#8221;, pontuou Karla.<\/p>\n<p style=\"text-align: justify;\">As barreiras sanit\u00e1rias s\u00e3o coordenadas pela Secretaria de Ordem P\u00fablica, em um trabalho conjunto com a Guarda Municipal, agentes de tr\u00e2nsito, agentes de sa\u00fade, fiscais de Ordem P\u00fablica e bombeiros civis.<\/p>\n\n\n<figure class=\"wp-block-image size-large\"><img loading=\"lazy\" decoding=\"async\" width=\"1024\" height=\"682\" src=\"https:\/\/blogdoedvaldomagalhaes.com.br\/wp-content\/uploads\/2020\/07\/IMG-20200726-WA0156-1024x682.jpg\" alt=\"\" class=\"wp-image-59281\" srcset=\"https:\/\/blogdoedvaldomagalhaes.com.br\/wp-content\/uploads\/2020\/07\/IMG-20200726-WA0156-1024x682.jpg 1024w, https:\/\/blogdoedvaldomagalhaes.com.br\/wp-content\/uploads\/2020\/07\/IMG-20200726-WA0156-300x200.jpg 300w, https:\/\/blogdoedvaldomagalhaes.com.br\/wp-content\/uploads\/2020\/07\/IMG-20200726-WA0156-768x512.jpg 768w, https:\/\/blogdoedvaldomagalhaes.com.br\/wp-content\/uploads\/2020\/07\/IMG-20200726-WA0156.jpg 1280w\" sizes=\"auto, (max-width: 1024px) 100vw, 1024px\" \/><\/figure>\n\n\n\n<figure class=\"wp-block-image size-large\"><img loading=\"lazy\" decoding=\"async\" width=\"1024\" height=\"768\" src=\"https:\/\/blogdoedvaldomagalhaes.com.br\/wp-content\/uploads\/2020\/07\/IMG-20200726-WA0159-1024x768.jpg\" alt=\"\" class=\"wp-image-59282\" srcset=\"https:\/\/blogdoedvaldomagalhaes.com.br\/wp-content\/uploads\/2020\/07\/IMG-20200726-WA0159-1024x768.jpg 1024w, https:\/\/blogdoedvaldomagalhaes.com.br\/wp-content\/uploads\/2020\/07\/IMG-20200726-WA0159-300x225.jpg 300w, https:\/\/blogdoedvaldomagalhaes.com.br\/wp-content\/uploads\/2020\/07\/IMG-20200726-WA0159-768x576.jpg 768w, https:\/\/blogdoedvaldomagalhaes.com.br\/wp-content\/uploads\/2020\/07\/IMG-20200726-WA0159-160x120.jpg 160w, https:\/\/blogdoedvaldomagalhaes.com.br\/wp-content\/uploads\/2020\/07\/IMG-20200726-WA0159.jpg 1280w\" sizes=\"auto, (max-width: 1024px) 100vw, 1024px\" \/><\/figure>\n\n\n\n<figure class=\"wp-block-image size-large\"><img loading=\"lazy\" decoding=\"async\" width=\"1024\" height=\"768\" src=\"https:\/\/blogdoedvaldomagalhaes.com.br\/wp-content\/uploads\/2020\/07\/IMG-20200726-WA0158-1024x768.jpg\" alt=\"\" class=\"wp-image-59283\" srcset=\"https:\/\/blogdoedvaldomagalhaes.com.br\/wp-content\/uploads\/2020\/07\/IMG-20200726-WA0158-1024x768.jpg 1024w, https:\/\/blogdoedvaldomagalhaes.com.br\/wp-content\/uploads\/2020\/07\/IMG-20200726-WA0158-300x225.jpg 300w, https:\/\/blogdoedvaldomagalhaes.com.br\/wp-content\/uploads\/2020\/07\/IMG-20200726-WA0158-768x576.jpg 768w, https:\/\/blogdoedvaldomagalhaes.com.br\/wp-content\/uploads\/2020\/07\/IMG-20200726-WA0158-160x120.jpg 160w, https:\/\/blogdoedvaldomagalhaes.com.br\/wp-content\/uploads\/2020\/07\/IMG-20200726-WA0158.jpg 1280w\" sizes=\"auto, (max-width: 1024px) 100vw, 1024px\" \/><\/figure>\n\n\n\n<figure class=\"wp-block-image size-large\"><img loading=\"lazy\" decoding=\"async\" width=\"1024\" height=\"768\" src=\"https:\/\/blogdoedvaldomagalhaes.com.br\/wp-content\/uploads\/2020\/07\/IMG-20200726-WA0157-1024x768.jpg\" alt=\"\" class=\"wp-image-59284\" srcset=\"https:\/\/blogdoedvaldomagalhaes.com.br\/wp-content\/uploads\/2020\/07\/IMG-20200726-WA0157-1024x768.jpg 1024w, https:\/\/blogdoedvaldomagalhaes.com.br\/wp-content\/uploads\/2020\/07\/IMG-20200726-WA0157-300x225.jpg 300w, https:\/\/blogdoedvaldomagalhaes.com.br\/wp-content\/uploads\/2020\/07\/IMG-20200726-WA0157-768x576.jpg 768w, https:\/\/blogdoedvaldomagalhaes.com.br\/wp-content\/uploads\/2020\/07\/IMG-20200726-WA0157-160x120.jpg 160w, https:\/\/blogdoedvaldomagalhaes.com.br\/wp-content\/uploads\/2020\/07\/IMG-20200726-WA0157.jpg 1280w\" sizes=\"auto, (max-width: 1024px) 100vw, 1024px\" \/><figcaption>Fotos: Arnaldo F\u00e9lix e SEIC<\/figcaption><\/figure>\n","protected":false},"excerpt":{"rendered":"<p>Seguindo o Plano de Isolamento Social Intensivo definido pela Prefeitura de Caruaru, as barreiras sanit\u00e1rias instaladas em pontos estrat\u00e9gicos da&hellip;<\/p>\n","protected":false},"author":1,"featured_media":59280,"comment_status":"open","ping_status":"open","sticky":false,"template":"","format":"standard","meta":{"footnotes":""},"categories":[14120],"tags":[16881,19022],"class_list":["post-59279","post","type-post","status-publish","format-standard","has-post-thumbnail","hentry","category-noticias","tag-caruaru-e-regiao","tag-mais-de-700-mil-pessoas-alcancadas-nos-ultimos-4-meses-nas-barreiras-sanitarias-de-caruaru"],"_links":{"self":[{"href":"https:\/\/blogdoedvaldomagalhaes.com.br\/index.php\/wp-json\/wp\/v2\/posts\/59279","targetHints":{"allow":["GET"]}}],"collection":[{"href":"https:\/\/blogdoedvaldomagalhaes.com.br\/index.php\/wp-json\/wp\/v2\/posts"}],"about":[{"href":"https:\/\/blogdoedvaldomagalhaes.com.br\/index.php\/wp-json\/wp\/v2\/types\/post"}],"author":[{"embeddable":true,"href":"https:\/\/blogdoedvaldomagalhaes.com.br\/index.php\/wp-json\/wp\/v2\/users\/1"}],"replies":[{"embeddable":true,"href":"https:\/\/blogdoedvaldomagalhaes.com.br\/index.php\/wp-json\/wp\/v2\/comments?post=59279"}],"version-history":[{"count":1,"href":"https:\/\/blogdoedvaldomagalhaes.com.br\/index.php\/wp-json\/wp\/v2\/posts\/59279\/revisions"}],"predecessor-version":[{"id":59285,"href":"https:\/\/blogdoedvaldomagalhaes.com.br\/index.php\/wp-json\/wp\/v2\/posts\/59279\/revisions\/59285"}],"wp:featuredmedia":[{"embeddable":true,"href":"https:\/\/blogdoedvaldomagalhaes.com.br\/index.php\/wp-json\/wp\/v2\/media\/59280"}],"wp:attachment":[{"href":"https:\/\/blogdoedvaldomagalhaes.com.br\/index.php\/wp-json\/wp\/v2\/media?parent=59279"}],"wp:term":[{"taxonomy":"category","embeddable":true,"href":"https:\/\/blogdoedvaldomagalhaes.com.br\/index.php\/wp-json\/wp\/v2\/categories?post=59279"},{"taxonomy":"post_tag","embeddable":true,"href":"https:\/\/blogdoedvaldomagalhaes.com.br\/index.php\/wp-json\/wp\/v2\/tags?post=59279"}],"curies":[{"name":"wp","href":"https:\/\/api.w.org\/{rel}","templated":true}]}}