{"id":59271,"date":"2020-07-26T19:06:55","date_gmt":"2020-07-26T22:06:55","guid":{"rendered":"https:\/\/blogdoedvaldomagalhaes.com.br\/?p=59271"},"modified":"2020-07-26T20:46:20","modified_gmt":"2020-07-26T23:46:20","slug":"pernambuco-tem-mais-de-65-mil-pacientes-recuperados-de-covid-19","status":"publish","type":"post","link":"https:\/\/blogdoedvaldomagalhaes.com.br\/index.php\/2020\/07\/26\/pernambuco-tem-mais-de-65-mil-pacientes-recuperados-de-covid-19\/","title":{"rendered":"Pernambuco tem mais de 65 mil pacientes recuperados de Covid-19"},"content":{"rendered":"<p style=\"text-align: justify;\">A Secretaria Estadual de Sa\u00fade (SES-PE) confirmou, neste domingo (26\/07), 1.714 novos casos da Covid-19. Entre os confirmados hoje, apenas 108 (6%) s\u00e3o casos de S\u00edndrome Respirat\u00f3ria Aguda Grave (SRAG). Todos os outros 1.606 casos (94%) s\u00e3o leves, ou seja, pacientes que n\u00e3o demandaram internamento hospitalar e que estavam na fase final da doen\u00e7a ou at\u00e9 mesmo j\u00e1 curados. Agora, Pernambuco totaliza 88.466 casos j\u00e1 confirmados, sendo 22.963 graves e 65.503 leves. Al\u00e9m disso, o boletim de hoje registra um total de 65.177 pessoas recuperadas da doen\u00e7a. Desse total, 12.252 s\u00e3o de casos graves, que demandaram leitos no sistema de sa\u00fade, e 52.925 casos leves.<br \/><br \/>Os casos graves confirmados da doen\u00e7a est\u00e3o distribu\u00eddos por 181 munic\u00edpios pernambucanos (tabela 2), al\u00e9m do arquip\u00e9lago de Fernando de Noronha e da \u00a0ocorr\u00eancia de pacientes e outros Estados e pa\u00edses.<br \/><br \/>Tamb\u00e9m foram confirmados laboratorialmente 53 \u00f3bitos (sendo 34 do sexo masculino e 19 do sexo feminino). Os novos \u00f3bitos confirmados s\u00e3o de pessoas residentes nos munic\u00edpios de Afogados da Ingazeira (1), Araripina (2), Arcoverde (1), Bom Jardim (1), Buenos Aires (1), Cabo de Santo Agostinho (2), Camaragibe (1), Caruaru (4), Catende (1), Cupira (1), Flores (1), Frei Miguelinho (1), Goiana (1), Igarassu (2), Itamarac\u00e1 (1), Ipojuca (1), Ipubi (1), Itapetim (1), Jaboat\u00e3o dos Guararapes (7), Joaquim Nabuco (1), Jupi (1), Limoeiro (2), Olinda (3), Palmares (2), Panelas (1), Paulista (2), Pesqueira (1), Recife (5), S\u00e3o Jos\u00e9 da Coroa Grande (1), S\u00e3o Louren\u00e7o da Mata (1) e Triunfo (1), al\u00e9m de outro Estado (1). Com isso, o Estado totaliza 6.352 mortes pela doen\u00e7a.<br \/><br \/>As mortes registradas no boletim de hoje ocorreram entre 12 de maio e 25 de julho. Do total de mortes no informe de hoje, 32 (60%) ocorreram de 12\/05 a 21\/07. As outras 21 (40%) ocorreram nos \u00faltimos 3 dias, sendo 2 mortes no dia 23\/07, 10 no dia 24\/07 e 9 registradas no dia de ontem (25\/07).<br \/><br \/>Os pacientes tinham idades entre 33 e 100 anos. As faixas et\u00e1rias s\u00e3o: 30 a 39 (1), 40 a 49 (3), 50 a 59 (7), 60 a 69 (10), 70 a 79 (12), 80 anos ou mais (20).<br \/><br \/>Dos 53 pacientes que vieram a \u00f3bito, 40 apresentavam comorbidades confirmadas: doen\u00e7a cardiovascular (18), hipertens\u00e3o (18), diabetes (17), obesidade (5), tabagismo\/hist\u00f3rico de tabagismo (5), doen\u00e7a renal (5), doen\u00e7a respirat\u00f3ria (3), hist\u00f3rico de AVC (2), etilismo (2) e doen\u00e7a pulmonar (1) &#8211; um paciente pode ter mais de uma comorbidade. Um paciente n\u00e3o tinha comorbidades relatadas e os demais est\u00e3o em investiga\u00e7\u00e3o.<br \/><br \/>Com rela\u00e7\u00e3o \u00e0 testagem dos profissionais de sa\u00fade com sintomas de gripe, em Pernambuco, at\u00e9 agora, 18.584 casos foram confirmados e 25.045 descartados. O Governo de Pernambuco foi o primeiro do pa\u00eds a criar um protocolo para testar e afastar os profissionais da \u00e1rea da sa\u00fade com sintomas gripais. \u00a0<\/p>\n\n\n<figure class=\"wp-block-image size-large\"><img loading=\"lazy\" decoding=\"async\" width=\"1024\" height=\"819\" src=\"https:\/\/blogdoedvaldomagalhaes.com.br\/wp-content\/uploads\/2020\/07\/FB_IMG_1595801158520-1024x819.jpg\" alt=\"\" class=\"wp-image-59272\" srcset=\"https:\/\/blogdoedvaldomagalhaes.com.br\/wp-content\/uploads\/2020\/07\/FB_IMG_1595801158520-1024x819.jpg 1024w, https:\/\/blogdoedvaldomagalhaes.com.br\/wp-content\/uploads\/2020\/07\/FB_IMG_1595801158520-300x240.jpg 300w, https:\/\/blogdoedvaldomagalhaes.com.br\/wp-content\/uploads\/2020\/07\/FB_IMG_1595801158520-768x614.jpg 768w, https:\/\/blogdoedvaldomagalhaes.com.br\/wp-content\/uploads\/2020\/07\/FB_IMG_1595801158520.jpg 1080w\" sizes=\"auto, (max-width: 1024px) 100vw, 1024px\" \/><\/figure>\n","protected":false},"excerpt":{"rendered":"<p>A Secretaria Estadual de Sa\u00fade (SES-PE) confirmou, neste domingo (26\/07), 1.714 novos casos da Covid-19. Entre os confirmados hoje, apenas&hellip;<\/p>\n","protected":false},"author":1,"featured_media":59273,"comment_status":"open","ping_status":"open","sticky":false,"template":"","format":"standard","meta":{"footnotes":""},"categories":[14120],"tags":[2,17948,19020],"class_list":["post-59271","post","type-post","status-publish","format-standard","has-post-thumbnail","hentry","category-noticias","tag-blog-do-edvaldo-magalhaes","tag-coronavirus-2","tag-pernambuco-tem-mais-de-65-mil-pacientes-recuperados-de-covid-19"],"_links":{"self":[{"href":"https:\/\/blogdoedvaldomagalhaes.com.br\/index.php\/wp-json\/wp\/v2\/posts\/59271","targetHints":{"allow":["GET"]}}],"collection":[{"href":"https:\/\/blogdoedvaldomagalhaes.com.br\/index.php\/wp-json\/wp\/v2\/posts"}],"about":[{"href":"https:\/\/blogdoedvaldomagalhaes.com.br\/index.php\/wp-json\/wp\/v2\/types\/post"}],"author":[{"embeddable":true,"href":"https:\/\/blogdoedvaldomagalhaes.com.br\/index.php\/wp-json\/wp\/v2\/users\/1"}],"replies":[{"embeddable":true,"href":"https:\/\/blogdoedvaldomagalhaes.com.br\/index.php\/wp-json\/wp\/v2\/comments?post=59271"}],"version-history":[{"count":2,"href":"https:\/\/blogdoedvaldomagalhaes.com.br\/index.php\/wp-json\/wp\/v2\/posts\/59271\/revisions"}],"predecessor-version":[{"id":59286,"href":"https:\/\/blogdoedvaldomagalhaes.com.br\/index.php\/wp-json\/wp\/v2\/posts\/59271\/revisions\/59286"}],"wp:featuredmedia":[{"embeddable":true,"href":"https:\/\/blogdoedvaldomagalhaes.com.br\/index.php\/wp-json\/wp\/v2\/media\/59273"}],"wp:attachment":[{"href":"https:\/\/blogdoedvaldomagalhaes.com.br\/index.php\/wp-json\/wp\/v2\/media?parent=59271"}],"wp:term":[{"taxonomy":"category","embeddable":true,"href":"https:\/\/blogdoedvaldomagalhaes.com.br\/index.php\/wp-json\/wp\/v2\/categories?post=59271"},{"taxonomy":"post_tag","embeddable":true,"href":"https:\/\/blogdoedvaldomagalhaes.com.br\/index.php\/wp-json\/wp\/v2\/tags?post=59271"}],"curies":[{"name":"wp","href":"https:\/\/api.w.org\/{rel}","templated":true}]}}