{"id":59267,"date":"2020-07-26T17:57:12","date_gmt":"2020-07-26T20:57:12","guid":{"rendered":"https:\/\/blogdoedvaldomagalhaes.com.br\/?p=59267"},"modified":"2020-07-27T02:06:51","modified_gmt":"2020-07-27T05:06:51","slug":"nautico-vence-o-central-e-se-classifica-para-semifinal-do-pernambucano-2020","status":"publish","type":"post","link":"https:\/\/blogdoedvaldomagalhaes.com.br\/index.php\/2020\/07\/26\/nautico-vence-o-central-e-se-classifica-para-semifinal-do-pernambucano-2020\/","title":{"rendered":"N\u00e1utico vence o Central e se classifica para semifinal do Pernambucano 2020"},"content":{"rendered":"<div class=\"mdc-layout-grid__cell mdc-layout-grid__cell--span-12-desktop mdc-layout-grid__cell--span-8-tablet comp paragrafo\">\n<p style=\"text-align: justify;\">O N\u00e1utico venceu o Central por 2 a 1, na Arena de Pernambuco, neste domingo (26), garantindo uma vaga na semifinal do estadual contra o Santa Cruz.<\/p>\n<\/div>\n<div class=\"mdc-layout-grid__cell mdc-layout-grid__cell--span-12-desktop mdc-layout-grid__cell--span-8-tablet comp paragrafo\" style=\"text-align: justify;\">\n<p>Embalado pelo acesso \u00e0 S\u00e9rie B, o N\u00e1utico at\u00e9 agora n\u00e3o engrenou na temporada, e vem de elimina\u00e7\u00e3o na Copa do Nordeste.<\/p>\n<\/div>\n<div class=\"mdc-layout-grid__cell mdc-layout-grid__cell--span-12-desktop mdc-layout-grid__cell--span-8-tablet comp paragrafo\">\n<p><strong>Ficha t\u00e9cnica<\/strong><\/p>\n<p style=\"text-align: justify;\">N\u00e1utico: Jefferson<span style=\"font-size: inherit;\">\u00a0Hereda, Rafael Ribeiro, Carl\u00e3o e Willian Sim\u00f5es; Rhaldney, Jhonnatan (Djavan) e Jorge Henrique (Bryan); Erick (Britez), Thiago (Wagninho) e Kieza (Salatiel). T\u00e9cnico: Gilmar Dal Pozzo<\/span><\/p>\n<p style=\"text-align: justify;\">Central: Jerfesson, Polegar<span style=\"font-size: inherit;\">, Filipe Costa, Janelson e Evandro; Gustavo Henrique (Fernando Pires), Janderson (Idevan), Doda e Adailson; Soares (Robinho) e Leandro Costa. <\/span><span style=\"font-size: inherit;\">T\u00e9cnico: S\u00edlvio Crici\u00fama.<\/span><\/p>\n<p style=\"text-align: justify;\">Local: Arena de Pernambuco (S\u00e3o Louren\u00e7o da Mata\/PE)<br \/>\n\u00c1rbitro: Diego Fernando. Assistentes: Cl\u00f3vis Amaral e Bruno Vieira<br \/>\nGols: Rafael Ribeiro (aos 31 do 1\u00baT), Gustavo Henrique (contra, aos 8 do 2\u00baT), Rafael Ribeiro (contra, aos 14 do 2\u00baT).<br \/>\nCart\u00f5es amarelos: Adailson, Evandro (C).<\/p>\n<p style=\"text-align: justify;\">No outro jogo daa quartas de final, o Afogados venceu o Retr\u00f4 por1 a 0, na Arena de Pernambuco, e vai enfrentar o Salgueiro, na semifinal.<\/p>\n<\/div>\n","protected":false},"excerpt":{"rendered":"<p>O N\u00e1utico venceu o Central por 2 a 1, na Arena de Pernambuco, neste domingo (26), garantindo uma vaga na&hellip;<\/p>\n","protected":false},"author":1,"featured_media":59268,"comment_status":"open","ping_status":"open","sticky":false,"template":"","format":"standard","meta":{"footnotes":""},"categories":[14123],"tags":[2,16881,19019],"class_list":["post-59267","post","type-post","status-publish","format-standard","has-post-thumbnail","hentry","category-futebol","tag-blog-do-edvaldo-magalhaes","tag-caruaru-e-regiao","tag-nautico-vence-o-central-e-se-classifica-para-semifinal-do-pernambucano-2020"],"_links":{"self":[{"href":"https:\/\/blogdoedvaldomagalhaes.com.br\/index.php\/wp-json\/wp\/v2\/posts\/59267","targetHints":{"allow":["GET"]}}],"collection":[{"href":"https:\/\/blogdoedvaldomagalhaes.com.br\/index.php\/wp-json\/wp\/v2\/posts"}],"about":[{"href":"https:\/\/blogdoedvaldomagalhaes.com.br\/index.php\/wp-json\/wp\/v2\/types\/post"}],"author":[{"embeddable":true,"href":"https:\/\/blogdoedvaldomagalhaes.com.br\/index.php\/wp-json\/wp\/v2\/users\/1"}],"replies":[{"embeddable":true,"href":"https:\/\/blogdoedvaldomagalhaes.com.br\/index.php\/wp-json\/wp\/v2\/comments?post=59267"}],"version-history":[{"count":3,"href":"https:\/\/blogdoedvaldomagalhaes.com.br\/index.php\/wp-json\/wp\/v2\/posts\/59267\/revisions"}],"predecessor-version":[{"id":59287,"href":"https:\/\/blogdoedvaldomagalhaes.com.br\/index.php\/wp-json\/wp\/v2\/posts\/59267\/revisions\/59287"}],"wp:featuredmedia":[{"embeddable":true,"href":"https:\/\/blogdoedvaldomagalhaes.com.br\/index.php\/wp-json\/wp\/v2\/media\/59268"}],"wp:attachment":[{"href":"https:\/\/blogdoedvaldomagalhaes.com.br\/index.php\/wp-json\/wp\/v2\/media?parent=59267"}],"wp:term":[{"taxonomy":"category","embeddable":true,"href":"https:\/\/blogdoedvaldomagalhaes.com.br\/index.php\/wp-json\/wp\/v2\/categories?post=59267"},{"taxonomy":"post_tag","embeddable":true,"href":"https:\/\/blogdoedvaldomagalhaes.com.br\/index.php\/wp-json\/wp\/v2\/tags?post=59267"}],"curies":[{"name":"wp","href":"https:\/\/api.w.org\/{rel}","templated":true}]}}