{"id":59263,"date":"2020-07-25T22:17:56","date_gmt":"2020-07-26T01:17:56","guid":{"rendered":"https:\/\/blogdoedvaldomagalhaes.com.br\/?p=59263"},"modified":"2020-07-25T22:18:55","modified_gmt":"2020-07-26T01:18:55","slug":"tremor-de-terra-e-sentido-em-municipios-do-agreste-e-zona-da-mata-de-pernambuco","status":"publish","type":"post","link":"https:\/\/blogdoedvaldomagalhaes.com.br\/index.php\/2020\/07\/25\/tremor-de-terra-e-sentido-em-municipios-do-agreste-e-zona-da-mata-de-pernambuco\/","title":{"rendered":"Tremor de terra \u00e9 sentido em munic\u00edpios do Agreste e Zona da Mata de Pernambuco"},"content":{"rendered":"<p style=\"text-align: justify;\">Um tremor de terra foi registrado no final da tarde deste s\u00e1bado (25), no munic\u00edpio de Jurema, no , de Pernambuco. O abalo s\u00edsmico ocorreu por volta das 17h.<\/p>\n<p style=\"text-align: justify;\">Moradores das cidades de Lajedo e Canhotinho, no Agreste, e Quipap\u00e1, na Zona da Mata Sul, tamb\u00e9m sentiram a terra tremer.<\/p>\n<p style=\"text-align: justify;\">De acordo com Eduardo Menezes, mestre em geof\u00edsica do Laborat\u00f3rio de Sismologia da Universidade Federal do Rio Grande do Norte (UFRN), a magnitude foi de 2.4 graus na escala Richter. O epicentro foi em Jurema.<\/p>\n<p>Por Helenivaldo Pereira.<\/p>\n","protected":false},"excerpt":{"rendered":"<p>Um tremor de terra foi registrado no final da tarde deste s\u00e1bado (25), no munic\u00edpio de Jurema, no , de&hellip;<\/p>\n","protected":false},"author":1,"featured_media":59264,"comment_status":"open","ping_status":"open","sticky":false,"template":"","format":"standard","meta":{"footnotes":""},"categories":[14120],"tags":[2,16881,19018],"class_list":["post-59263","post","type-post","status-publish","format-standard","has-post-thumbnail","hentry","category-noticias","tag-blog-do-edvaldo-magalhaes","tag-caruaru-e-regiao","tag-tremor-de-terra-e-sentido-em-municipios-do-agreste-e-zona-da-mata-de-pernambuco"],"_links":{"self":[{"href":"https:\/\/blogdoedvaldomagalhaes.com.br\/index.php\/wp-json\/wp\/v2\/posts\/59263","targetHints":{"allow":["GET"]}}],"collection":[{"href":"https:\/\/blogdoedvaldomagalhaes.com.br\/index.php\/wp-json\/wp\/v2\/posts"}],"about":[{"href":"https:\/\/blogdoedvaldomagalhaes.com.br\/index.php\/wp-json\/wp\/v2\/types\/post"}],"author":[{"embeddable":true,"href":"https:\/\/blogdoedvaldomagalhaes.com.br\/index.php\/wp-json\/wp\/v2\/users\/1"}],"replies":[{"embeddable":true,"href":"https:\/\/blogdoedvaldomagalhaes.com.br\/index.php\/wp-json\/wp\/v2\/comments?post=59263"}],"version-history":[{"count":2,"href":"https:\/\/blogdoedvaldomagalhaes.com.br\/index.php\/wp-json\/wp\/v2\/posts\/59263\/revisions"}],"predecessor-version":[{"id":59266,"href":"https:\/\/blogdoedvaldomagalhaes.com.br\/index.php\/wp-json\/wp\/v2\/posts\/59263\/revisions\/59266"}],"wp:featuredmedia":[{"embeddable":true,"href":"https:\/\/blogdoedvaldomagalhaes.com.br\/index.php\/wp-json\/wp\/v2\/media\/59264"}],"wp:attachment":[{"href":"https:\/\/blogdoedvaldomagalhaes.com.br\/index.php\/wp-json\/wp\/v2\/media?parent=59263"}],"wp:term":[{"taxonomy":"category","embeddable":true,"href":"https:\/\/blogdoedvaldomagalhaes.com.br\/index.php\/wp-json\/wp\/v2\/categories?post=59263"},{"taxonomy":"post_tag","embeddable":true,"href":"https:\/\/blogdoedvaldomagalhaes.com.br\/index.php\/wp-json\/wp\/v2\/tags?post=59263"}],"curies":[{"name":"wp","href":"https:\/\/api.w.org\/{rel}","templated":true}]}}