{"id":59260,"date":"2020-07-25T21:26:33","date_gmt":"2020-07-26T00:26:33","guid":{"rendered":"https:\/\/blogdoedvaldomagalhaes.com.br\/?p=59260"},"modified":"2020-07-25T21:26:35","modified_gmt":"2020-07-26T00:26:35","slug":"agreste-de-pernambuco-nao-avanca-no-plano-de-convivencia-com-a-covid-19","status":"publish","type":"post","link":"https:\/\/blogdoedvaldomagalhaes.com.br\/index.php\/2020\/07\/25\/agreste-de-pernambuco-nao-avanca-no-plano-de-convivencia-com-a-covid-19\/","title":{"rendered":"Agreste de Pernambuco  n\u00e3o avan\u00e7a no Plano de Conviv\u00eancia com a Covid-19"},"content":{"rendered":"<p style=\"text-align: justify;\">O Governo de Pernambuco, por meio do Gabinete de Enfrentamento \u00e0 Covid-19, confirmou, neste s\u00e1bado (25.07), ap\u00f3s avalia\u00e7\u00e3o dos dados do novo coronav\u00edrus no Estado, que a Macrorregi\u00e3o de Sa\u00fade I permanecer\u00e1 na Etapa 6 do Plano de Conviv\u00eancia. Na \u00faltima segunda-feira (20.07), os munic\u00edpios da Regi\u00e3o Metropolitana do Recife (RMR) e Matas Norte e Sul, foram liberados para reabrir servi\u00e7os de alimenta\u00e7\u00e3o, com hor\u00e1rio reduzido, permanecendo fechados das 20h \u00e0s 6h, e academias de gin\u00e1stica, com novos protocolos.<\/p>\n<p style=\"text-align: justify;\">J\u00e1 a Macrorregi\u00e3o de Sa\u00fade II, que abrange as cidades do Agreste, permanecer\u00e1 na Etapa 4 \u2013 fase em que est\u00e1 desde o \u00faltimo dia 13 de julho, e que permite o funcionamento das lojas de varejo de rua, sal\u00f5es de beleza e est\u00e9tica, com\u00e9rcio de ve\u00edculos, incluindo servi\u00e7o de aluguel e vistoria, com 50% da carga, constru\u00e7\u00e3o civil com 100% do efetivo e shoppings centers com atendimento presencial. As cidades das Macrorregi\u00f5es III e IV \u2013 que compreendem o Sert\u00e3o pernambucano \u2013 tamb\u00e9m permanecer\u00e3o na Etapa 4 do Plano de Conviv\u00eancia com a Covid-19.<\/p>\n<p style=\"text-align: justify;\">A avalia\u00e7\u00e3o feita pelo Gabinete de Enfrentamento \u00e0 Covid-19 de Pernambuco \u00e9 cont\u00ednua e leva em considera\u00e7\u00e3o indicadores de sa\u00fade, como o n\u00famero de casos registrados, \u00f3bitos, press\u00e3o sobre a rede hospitalar, entre outros fatores que contribuem para o planejamento de combate \u00e0 pandemia. Essa an\u00e1lise permitir\u00e1, caso necess\u00e1rio, a implanta\u00e7\u00e3o de medidas restritivas espec\u00edficas e a possibilidade de recuo das regi\u00f5es na retomada das atividades econ\u00f4micas.<\/p>\n","protected":false},"excerpt":{"rendered":"<p>O Governo de Pernambuco, por meio do Gabinete de Enfrentamento \u00e0 Covid-19, confirmou, neste s\u00e1bado (25.07), ap\u00f3s avalia\u00e7\u00e3o dos dados&hellip;<\/p>\n","protected":false},"author":1,"featured_media":59261,"comment_status":"open","ping_status":"open","sticky":false,"template":"","format":"standard","meta":{"footnotes":""},"categories":[14120],"tags":[2,16881,17948],"class_list":["post-59260","post","type-post","status-publish","format-standard","has-post-thumbnail","hentry","category-noticias","tag-blog-do-edvaldo-magalhaes","tag-caruaru-e-regiao","tag-coronavirus-2"],"_links":{"self":[{"href":"https:\/\/blogdoedvaldomagalhaes.com.br\/index.php\/wp-json\/wp\/v2\/posts\/59260","targetHints":{"allow":["GET"]}}],"collection":[{"href":"https:\/\/blogdoedvaldomagalhaes.com.br\/index.php\/wp-json\/wp\/v2\/posts"}],"about":[{"href":"https:\/\/blogdoedvaldomagalhaes.com.br\/index.php\/wp-json\/wp\/v2\/types\/post"}],"author":[{"embeddable":true,"href":"https:\/\/blogdoedvaldomagalhaes.com.br\/index.php\/wp-json\/wp\/v2\/users\/1"}],"replies":[{"embeddable":true,"href":"https:\/\/blogdoedvaldomagalhaes.com.br\/index.php\/wp-json\/wp\/v2\/comments?post=59260"}],"version-history":[{"count":1,"href":"https:\/\/blogdoedvaldomagalhaes.com.br\/index.php\/wp-json\/wp\/v2\/posts\/59260\/revisions"}],"predecessor-version":[{"id":59262,"href":"https:\/\/blogdoedvaldomagalhaes.com.br\/index.php\/wp-json\/wp\/v2\/posts\/59260\/revisions\/59262"}],"wp:featuredmedia":[{"embeddable":true,"href":"https:\/\/blogdoedvaldomagalhaes.com.br\/index.php\/wp-json\/wp\/v2\/media\/59261"}],"wp:attachment":[{"href":"https:\/\/blogdoedvaldomagalhaes.com.br\/index.php\/wp-json\/wp\/v2\/media?parent=59260"}],"wp:term":[{"taxonomy":"category","embeddable":true,"href":"https:\/\/blogdoedvaldomagalhaes.com.br\/index.php\/wp-json\/wp\/v2\/categories?post=59260"},{"taxonomy":"post_tag","embeddable":true,"href":"https:\/\/blogdoedvaldomagalhaes.com.br\/index.php\/wp-json\/wp\/v2\/tags?post=59260"}],"curies":[{"name":"wp","href":"https:\/\/api.w.org\/{rel}","templated":true}]}}