{"id":59251,"date":"2020-07-25T18:38:18","date_gmt":"2020-07-25T21:38:18","guid":{"rendered":"https:\/\/blogdoedvaldomagalhaes.com.br\/?p=59251"},"modified":"2020-07-25T18:56:04","modified_gmt":"2020-07-25T21:56:04","slug":"secretaria-de-saude-pe-divulga-mais-de-1-700-novos-casos-de-covid-19-e-mais-de-60-obitos","status":"publish","type":"post","link":"https:\/\/blogdoedvaldomagalhaes.com.br\/index.php\/2020\/07\/25\/secretaria-de-saude-pe-divulga-mais-de-1-700-novos-casos-de-covid-19-e-mais-de-60-obitos\/","title":{"rendered":"Secretaria de Sa\u00fade-PE divulga mais de 1.700 novos casos de Covid-19 e mais de 60 \u00f3bitos"},"content":{"rendered":"<p style=\"text-align: justify;\">A Secretaria Estadual de Sa\u00fade (SES-PE) confirmou, neste s\u00e1bado (25\/07), 1.710 novos casos da Covid-19. \u00c9 importante destacar que o aumento no n\u00famero de casos de hoje \u00e9 motivado pelo ac\u00famulo de notifica\u00e7\u00f5es dos \u00faltimos dias, devido \u00e0 instabilidade no sistema de notifica\u00e7\u00e3o e-SUS Notifica, que \u00e9 voltado para os casos de menor gravidade. Para se ter ideia, entre os confirmados hoje, apenas 136 (8%) s\u00e3o casos de S\u00edndrome Respirat\u00f3ria Aguda Grave (SRAG). Todos os outros 1.574 casos (92%) s\u00e3o leves, ou seja, pacientes que n\u00e3o demandaram internamento hospitalar e que estavam na fase final da doen\u00e7a ou at\u00e9 mesmo j\u00e1 curados. Agora, Pernambuco totaliza 86.752 casos j\u00e1 confirmados, sendo 22.855 graves e<br \/><br \/>63.897 leves. Al\u00e9m disso, o boletim de hoje registra um total de 62.949 pessoas recuperadas da doen\u00e7a. Desse total, 12.036 s\u00e3o de casos graves, que demandaram leitos no sistema de sa\u00fade, e 50.913 casos leves.<br \/><br \/>Os casos graves confirmados da doen\u00e7a est\u00e3o distribu\u00eddos por 181 munic\u00edpios pernambucanos (tabela 2), al\u00e9m do arquip\u00e9lago de Fernando de Noronha e da \u00a0ocorr\u00eancia de pacientes e outros Estados e pa\u00edses.<br \/><br \/>Tamb\u00e9m foram confirmados laboratorialmente 62 \u00f3bitos (sendo 26 do sexo feminino e 36 do sexo masculino). Os novos \u00f3bitos confirmados s\u00e3o de pessoas residentes nos munic\u00edpios de \u00c1guas Belas (1), Altinho (1), Barra de Guabiraba (1), Belo Jardim (1), Cabo de Santo Agostinho (1), Cachoeirinha (1), Camaragibe (2), Canhotinho (1), Carpina (1), Caruaru (4), Cedro (1), Ch\u00e3 de Alegria (1), Garanhuns (1), Gravat\u00e1 (1), Ibirajuba (1), Jaboat\u00e3o dos Guararapes (6), Limoeiro (1), Olinda (7), Palmares (1), Paudalho (1), Paulista (5), Petrolina (1), Primavera (1), Recife (10), Riacho das Almas (1), S\u00e3o Louren\u00e7o da Mata (2), Serra Talhada (2), Taquaritinga do Norte (1) e Tracunha\u00e9m (1), al\u00e9m de tr\u00eas \u00f3bitos residentes de outro Estado.\u00a0 Com isso, o Estado totaliza 6.299 mortes pela doen\u00e7a.<br \/><br \/>As mortes registradas no boletim de hoje ocorreram entre 15 de abril e 24 de julho. Do total de mortes no informe de hoje, 43 (69%) ocorreram de 15\/04 a 21\/07. As outras 19 (31%) ocorreram nos \u00faltimos 3 dias, sendo 3 mortes no dia 22\/07, 9 no dia 23\/07 e 7 registradas no dia de ontem (24\/07).<br \/><br \/>Os pacientes tinham idades entre 32 e 100 anos. As faixas et\u00e1rias s\u00e3o: 30 a 39 (2), 40 a 49 (2), 50 a 59 (12), 60 a 69 (15), 70 a 79 (17), 80 anos ou mais (14).<br \/><br \/>Dos 62 pacientes que vieram a \u00f3bito, 43 apresentavam comorbidades confirmadas: doen\u00e7a cardiovascular (25), diabetes (20), hipertens\u00e3o (11), c\u00e2ncer (4), etilismo\/hist\u00f3rico de etilismo (4), doen\u00e7a respirat\u00f3ria (4), AVC (3), doen\u00e7a renal (3), tabagismo\/hist\u00f3rico de tabagismo (3), obesidade (2), doen\u00e7a de Alzheimer (2), e doen\u00e7a neurol\u00f3gica (1) &#8211; um paciente pode ter mais de uma comorbidade. Dois pacientes n\u00e3o tinham comorbidades relatadas e os demais est\u00e3o em investiga\u00e7\u00e3o.<br \/><br \/>Com rela\u00e7\u00e3o \u00e0 testagem dos profissionais de sa\u00fade com sintomas de gripe, em Pernambuco, at\u00e9 agora, 18.464 casos foram confirmados e 24.737 descartados. O Governo de Pernambuco foi o primeiro do pa\u00eds a criar um protocolo para testar e afastar os profissionais da \u00e1rea da sa\u00fade com sintomas gripais.<br \/><br \/><b>PETROLINA E SERRA TALHADA \u2013<\/b>\u00a0O governador Paulo C\u00e2mara, mantendo seu compromisso com a qualifica\u00e7\u00e3o da rede de atendimento aos pacientes suspeitos ou confirmados da Covid-19 no Sert\u00e3o do Estado, inaugurou, na manh\u00e3 deste s\u00e1bado (25.07), tr\u00eas novos equipamentos em Petrolina e Serra Talhada, sendo dois hospitais de campanha e a primeira etapa do Hospital Eduardo Campos (HEC). Ao todo, ser\u00e3o disponibilizados mais 258 leitos, sendo 30 de UTI e os demais de enfermaria, para a rede estadual de sa\u00fade, dentro do maior esfor\u00e7o sanit\u00e1rio e log\u00edstico da hist\u00f3ria da sa\u00fade p\u00fablica pernambucana. As vagas ser\u00e3o abertas gradativamente, seguindo os fluxos administrativos e de assist\u00eancia necess\u00e1rios ao pleno funcionamento e garantia da seguran\u00e7a e cuidado aos pernambucanos.<br \/><br \/>A primeira parada do governador foi em Petrolina, para conhecer a estrutura do hospital de campanha, montado com um investimento de mais de R$ 1,5 milh\u00e3o no terreno do Hospital Universit\u00e1rio da Universidade Federal do Vale do S\u00e3o Francisco (HU-Univasf). Gerido pelo Instituto Social das Medianeiras da Paz, o servi\u00e7o iniciar\u00e1 suas atividades com 20 leitos de enfermaria, chegando \u00e0 capacidade m\u00e1xima de 100, sendo cinco leitos de estabiliza\u00e7\u00e3o com respiradores.<br \/><br \/>\u201cS\u00e3o 100 leitos que est\u00e3o sendo disponibilizados e que v\u00e3o se juntar \u00e0 infraestrutura j\u00e1 existente. O intuito \u00e9 justamente fortalecer a IV Macrorregi\u00e3o, que abrange o Sert\u00e3o do S\u00e3o Francisco e do Araripe. As estruturas j\u00e1 est\u00e3o prontas e os equipamentos, disponibilizados. N\u00f3s temos ainda 40 novos respiradores que vamos distribuir da melhor forma na regi\u00e3o\u201d, disse Paulo C\u00e2mara.<br \/><br \/>Ao todo, 175 profissionais atuar\u00e3o na estrutura, garantindo atendimento n\u00e3o apenas \u00e0 popula\u00e7\u00e3o de Petrolina, mas para mais de dois milh\u00f5es de pessoas das 53 cidades que integram a Rede Interestadual de Sa\u00fade Pernambuco-Bahia (Rede Peba) \u2013 25 de Pernambuco e 28 da Bahia.<br \/><br \/>\u201cPetrolina \u00e9 uma das nossas refer\u00eancias como polo de sa\u00fade no Sert\u00e3o pernambucano, e tamb\u00e9m de parte de cidades da Bahia. O hospital de campanha vem se somar \u00e0s estruturas que j\u00e1 est\u00e3o funcionando na localidade, como a UPAE e os leitos contratualizados no Neuroc\u00e1rdio, neste momento em que os n\u00fameros ainda apontam uma tend\u00eancia de aumento na demanda por atendimento. Estamos permanentemente dialogando com a popula\u00e7\u00e3o sobre as medidas de seguran\u00e7a e higiene, al\u00e9m da import\u00e2ncia do isolamento social, por acreditarmos que a preven\u00e7\u00e3o ainda \u00e9 a melhor solu\u00e7\u00e3o para enfrentarmos esse delicado momento e doen\u00e7as graves como a provocada pelo novo coronav\u00edrus\u201d, afirmou o secret\u00e1rio estadual de Sa\u00fade, Andr\u00e9 Longo.<br \/><br \/>De acordo com o secret\u00e1rio, o Governo de Pernambuco tem empenhado todos os esfor\u00e7os necess\u00e1rios para enfrentar a pandemia, e continuar\u00e1 trabalhando para ofertar a estrutura necess\u00e1ria \u00e0 popula\u00e7\u00e3o. Em Petrolina, al\u00e9m de Andr\u00e9 Longo, o governador estava acompanhado do deputado federal Sebasti\u00e3o Oliveira e do deputado estadual Lucas Ramos.<br \/><br \/>Em Serra Talhada, no Sert\u00e3o do Paje\u00fa, Paulo C\u00e2mara inaugurou a primeira etapa do Hospital Geral do Sert\u00e3o Governador Eduardo Campos (HEC). Na unidade, colocou tamb\u00e9m em funcionamento outro hospital de campanha, voltado para o tratamento da Covid-19. O governador e o secret\u00e1rio de Sa\u00fade entregaram os primeiros 10 leitos de UTI da unidade. Com uma programa\u00e7\u00e3o gradual de abertura, o novo equipamento contar\u00e1 com 58 vagas, sendo 30 de UTI, para compor a rede de enfrentamento ao novo coronav\u00edrus.<br \/><br \/>Essa estrutura funcionar\u00e1 integrada ao hospital de campanha, montado em sua \u00e1rea externa, que inicia as opera\u00e7\u00f5es com 20 vagas de enfermaria, sendo duas de estabiliza\u00e7\u00e3o com suporte de ventilador, e chegar\u00e1 \u00e0 capacidade m\u00e1xima de 100 leitos gradualmente. Para erguer a estrutura, foram investidos R$ 1,3 milh\u00e3o do Governo de Pernambuco. Ambos t\u00eam gest\u00e3o do Hospital Tricenten\u00e1rio, que est\u00e1 contratando mais de 400 funcion\u00e1rios para atender cerca de 842 mil habitantes de 35 munic\u00edpios das VI, X e XI Geres, que englobam a Macrorregional III.<br \/><br \/>\u201cTemos a oportunidade de entregar essa primeira etapa do Hospital Eduardo Campos j\u00e1 adaptada para atender pacientes da Covid-19. Esperamos, com isso, dar uma condi\u00e7\u00e3o de atendimento adequada e que abranja toda essa macrorregi\u00e3o. Serra Talhada e Petrolina est\u00e3o recebendo novas estruturas e o Sert\u00e3o ganha uma melhor condi\u00e7\u00e3o de enfrentar a pandemia. Esperamos a estabilidade dos n\u00fameros para iniciarmos o processo de conviv\u00eancia, como acontece na Regi\u00e3o Metropolitana do Recife\u201d, afirmou Paulo C\u00e2mara.<br \/><br \/>O Hospital Eduardo Campos conta com a estrutura mais moderna do Sert\u00e3o de Pernambuco, constru\u00edda com investimentos da ordem de R$ 32 milh\u00f5es. Ap\u00f3s a inaugura\u00e7\u00e3o das pr\u00f3ximas etapas, a expectativa \u00e9 que o montante gasto na edifica\u00e7\u00e3o ultrapasse os R$ 47 milh\u00f5es. At\u00e9 o final do ano, ser\u00e1 aberta a segunda fase de constru\u00e7\u00e3o, com a inaugura\u00e7\u00e3o de mais 14 leitos de interna\u00e7\u00e3o, emerg\u00eancia geral com 39 leitos, ambulat\u00f3rio, al\u00e9m de outras estruturas administrativas e operacionais.<br \/><br \/>No pr\u00f3ximo ano, ser\u00e1 entregue a terceira etapa das obras. Quando estiver em sua plena capacidade, o hospital contar\u00e1 com cerca de 200 leitos, sendo 140 de interna\u00e7\u00e3o. Ao todo, o hospital ter\u00e1 10 mil metros quadrados de \u00e1rea constru\u00edda, ampliando ainda mais o atendimento ao trauma e outras patologias na regi\u00e3o, e evitando que a popula\u00e7\u00e3o sertaneja precise se deslocar para outras cidades ou para a capital.<\/p>\n\n\n<figure class=\"wp-block-image size-large\"><img loading=\"lazy\" decoding=\"async\" width=\"1024\" height=\"819\" src=\"https:\/\/blogdoedvaldomagalhaes.com.br\/wp-content\/uploads\/2020\/07\/FB_IMG_1595712942418-1024x819.jpg\" alt=\"\" class=\"wp-image-59253\" srcset=\"https:\/\/blogdoedvaldomagalhaes.com.br\/wp-content\/uploads\/2020\/07\/FB_IMG_1595712942418-1024x819.jpg 1024w, https:\/\/blogdoedvaldomagalhaes.com.br\/wp-content\/uploads\/2020\/07\/FB_IMG_1595712942418-300x240.jpg 300w, https:\/\/blogdoedvaldomagalhaes.com.br\/wp-content\/uploads\/2020\/07\/FB_IMG_1595712942418-768x614.jpg 768w, https:\/\/blogdoedvaldomagalhaes.com.br\/wp-content\/uploads\/2020\/07\/FB_IMG_1595712942418.jpg 1080w\" sizes=\"auto, (max-width: 1024px) 100vw, 1024px\" \/><\/figure>\n","protected":false},"excerpt":{"rendered":"<p>A Secretaria Estadual de Sa\u00fade (SES-PE) confirmou, neste s\u00e1bado (25\/07), 1.710 novos casos da Covid-19. \u00c9 importante destacar que o&hellip;<\/p>\n","protected":false},"author":1,"featured_media":59252,"comment_status":"open","ping_status":"open","sticky":false,"template":"","format":"standard","meta":{"footnotes":""},"categories":[14120],"tags":[2,16881,17948,19011],"class_list":["post-59251","post","type-post","status-publish","format-standard","has-post-thumbnail","hentry","category-noticias","tag-blog-do-edvaldo-magalhaes","tag-caruaru-e-regiao","tag-coronavirus-2","tag-secretaria-de-saude-pe-divulga-mais-de-1-700-novos-casos-de-covid-19-e-mais-de-60-obitos"],"_links":{"self":[{"href":"https:\/\/blogdoedvaldomagalhaes.com.br\/index.php\/wp-json\/wp\/v2\/posts\/59251","targetHints":{"allow":["GET"]}}],"collection":[{"href":"https:\/\/blogdoedvaldomagalhaes.com.br\/index.php\/wp-json\/wp\/v2\/posts"}],"about":[{"href":"https:\/\/blogdoedvaldomagalhaes.com.br\/index.php\/wp-json\/wp\/v2\/types\/post"}],"author":[{"embeddable":true,"href":"https:\/\/blogdoedvaldomagalhaes.com.br\/index.php\/wp-json\/wp\/v2\/users\/1"}],"replies":[{"embeddable":true,"href":"https:\/\/blogdoedvaldomagalhaes.com.br\/index.php\/wp-json\/wp\/v2\/comments?post=59251"}],"version-history":[{"count":2,"href":"https:\/\/blogdoedvaldomagalhaes.com.br\/index.php\/wp-json\/wp\/v2\/posts\/59251\/revisions"}],"predecessor-version":[{"id":59255,"href":"https:\/\/blogdoedvaldomagalhaes.com.br\/index.php\/wp-json\/wp\/v2\/posts\/59251\/revisions\/59255"}],"wp:featuredmedia":[{"embeddable":true,"href":"https:\/\/blogdoedvaldomagalhaes.com.br\/index.php\/wp-json\/wp\/v2\/media\/59252"}],"wp:attachment":[{"href":"https:\/\/blogdoedvaldomagalhaes.com.br\/index.php\/wp-json\/wp\/v2\/media?parent=59251"}],"wp:term":[{"taxonomy":"category","embeddable":true,"href":"https:\/\/blogdoedvaldomagalhaes.com.br\/index.php\/wp-json\/wp\/v2\/categories?post=59251"},{"taxonomy":"post_tag","embeddable":true,"href":"https:\/\/blogdoedvaldomagalhaes.com.br\/index.php\/wp-json\/wp\/v2\/tags?post=59251"}],"curies":[{"name":"wp","href":"https:\/\/api.w.org\/{rel}","templated":true}]}}