{"id":59247,"date":"2020-07-25T14:46:45","date_gmt":"2020-07-25T17:46:45","guid":{"rendered":"https:\/\/blogdoedvaldomagalhaes.com.br\/?p=59247"},"modified":"2020-07-25T14:46:55","modified_gmt":"2020-07-25T17:46:55","slug":"morre-radialista-pernambucano-ednaldo-guedes-vitima-de-covid-19","status":"publish","type":"post","link":"https:\/\/blogdoedvaldomagalhaes.com.br\/index.php\/2020\/07\/25\/morre-radialista-pernambucano-ednaldo-guedes-vitima-de-covid-19\/","title":{"rendered":"Morre radialista pernambucano Ednaldo Guedes v\u00edtima de Covid-19"},"content":{"rendered":"<p style=\"text-align: justify;\"><span style=\"font-size: inherit;\">Neste neste s\u00e1bado (25), o radialista Ednaldo Guedes, aos 47 anos de idade, em decorr\u00eancia de complica\u00e7\u00f5es da Covid-19.<\/span><\/p>\n<p style=\"text-align: justify;\">O radialista estava internado desde o dia 19 deste m\u00eas, precisou ser entubado e tentava reagir \u00e0s medica\u00e7\u00f5es, mas, infelizmente n\u00e3o resistiu a gravidade da doen\u00e7a vindo a \u00f3bito.<\/p>\n<p style=\"text-align: justify;\">Ednaldo era um radialista amado e admirado no meio da comunica\u00e7\u00e3o da regi\u00e3o.<\/p>\n<p style=\"text-align: justify;\">O programa Show da Tarde com Ednaldo Guedes tinha grande audi\u00eancia e a voz marcante de Ednaldo conquistou um p\u00fablico cativo.<\/p>\n<p style=\"text-align: justify;\">Lajedo, Jupi, S\u00e3o Bento do Una e regi\u00e3o est\u00e3o em luto pela perda irrepar\u00e1vel.<\/p>\n\n\n<figure class=\"wp-block-image size-large\"><img loading=\"lazy\" decoding=\"async\" width=\"1011\" height=\"1024\" src=\"https:\/\/blogdoedvaldomagalhaes.com.br\/wp-content\/uploads\/2020\/07\/FB_IMG_1595699485216-1011x1024.jpg\" alt=\"\" class=\"wp-image-59249\" srcset=\"https:\/\/blogdoedvaldomagalhaes.com.br\/wp-content\/uploads\/2020\/07\/FB_IMG_1595699485216-1011x1024.jpg 1011w, https:\/\/blogdoedvaldomagalhaes.com.br\/wp-content\/uploads\/2020\/07\/FB_IMG_1595699485216-296x300.jpg 296w, https:\/\/blogdoedvaldomagalhaes.com.br\/wp-content\/uploads\/2020\/07\/FB_IMG_1595699485216-768x778.jpg 768w, https:\/\/blogdoedvaldomagalhaes.com.br\/wp-content\/uploads\/2020\/07\/FB_IMG_1595699485216.jpg 1080w\" sizes=\"auto, (max-width: 1011px) 100vw, 1011px\" \/><\/figure>\n","protected":false},"excerpt":{"rendered":"<p>Neste neste s\u00e1bado (25), o radialista Ednaldo Guedes, aos 47 anos de idade, em decorr\u00eancia de complica\u00e7\u00f5es da Covid-19. O&hellip;<\/p>\n","protected":false},"author":1,"featured_media":59248,"comment_status":"open","ping_status":"open","sticky":false,"template":"","format":"standard","meta":{"footnotes":""},"categories":[14120],"tags":[16881,17948,19009],"class_list":["post-59247","post","type-post","status-publish","format-standard","has-post-thumbnail","hentry","category-noticias","tag-caruaru-e-regiao","tag-coronavirus-2","tag-morre-radialista-ednaldo-guedes-aos-47-anos-vitima-de-covid-19"],"_links":{"self":[{"href":"https:\/\/blogdoedvaldomagalhaes.com.br\/index.php\/wp-json\/wp\/v2\/posts\/59247","targetHints":{"allow":["GET"]}}],"collection":[{"href":"https:\/\/blogdoedvaldomagalhaes.com.br\/index.php\/wp-json\/wp\/v2\/posts"}],"about":[{"href":"https:\/\/blogdoedvaldomagalhaes.com.br\/index.php\/wp-json\/wp\/v2\/types\/post"}],"author":[{"embeddable":true,"href":"https:\/\/blogdoedvaldomagalhaes.com.br\/index.php\/wp-json\/wp\/v2\/users\/1"}],"replies":[{"embeddable":true,"href":"https:\/\/blogdoedvaldomagalhaes.com.br\/index.php\/wp-json\/wp\/v2\/comments?post=59247"}],"version-history":[{"count":1,"href":"https:\/\/blogdoedvaldomagalhaes.com.br\/index.php\/wp-json\/wp\/v2\/posts\/59247\/revisions"}],"predecessor-version":[{"id":59250,"href":"https:\/\/blogdoedvaldomagalhaes.com.br\/index.php\/wp-json\/wp\/v2\/posts\/59247\/revisions\/59250"}],"wp:featuredmedia":[{"embeddable":true,"href":"https:\/\/blogdoedvaldomagalhaes.com.br\/index.php\/wp-json\/wp\/v2\/media\/59248"}],"wp:attachment":[{"href":"https:\/\/blogdoedvaldomagalhaes.com.br\/index.php\/wp-json\/wp\/v2\/media?parent=59247"}],"wp:term":[{"taxonomy":"category","embeddable":true,"href":"https:\/\/blogdoedvaldomagalhaes.com.br\/index.php\/wp-json\/wp\/v2\/categories?post=59247"},{"taxonomy":"post_tag","embeddable":true,"href":"https:\/\/blogdoedvaldomagalhaes.com.br\/index.php\/wp-json\/wp\/v2\/tags?post=59247"}],"curies":[{"name":"wp","href":"https:\/\/api.w.org\/{rel}","templated":true}]}}