{"id":59244,"date":"2020-07-25T10:41:10","date_gmt":"2020-07-25T13:41:10","guid":{"rendered":"https:\/\/blogdoedvaldomagalhaes.com.br\/?p=59244"},"modified":"2020-07-25T10:41:14","modified_gmt":"2020-07-25T13:41:14","slug":"fim-de-semana-comeca-com-o-registro-de-8-homicidios-em-pernambuco","status":"publish","type":"post","link":"https:\/\/blogdoedvaldomagalhaes.com.br\/index.php\/2020\/07\/25\/fim-de-semana-comeca-com-o-registro-de-8-homicidios-em-pernambuco\/","title":{"rendered":"Fim de semana come\u00e7a com o registro de 8 homic\u00eddios em Pernambuco"},"content":{"rendered":"<p style=\"text-align: justify;\">Oito pessoas foram assassinadas durante as \u00faltimas 24 horas em Pernambuco. Um duplo homic\u00eddio aconteceu em Panelas. No m\u00eas de julho s\u00e3o\u00a0<strong>238<\/strong>\u00a0assassinatos no Estado e no ano, de janeiro at\u00e9 agora,\u00a0<strong>2.199<\/strong>\u00a0homic\u00eddios.<\/p>\n<p style=\"text-align: justify;\">Em\u00a0<a href=\"https:\/\/liberdade.com.br\/2020\/07\/24\/jovem-e-assassinado-a-tiros-na-zona-rural-de-caruaru-e-numero-de-homicidios-no-ano-chega-a-80\/\"><strong>Caruaru<\/strong><\/a>, um jovem foi assassinado a tiros no S\u00edtio Baixio, zona rural do munic\u00edpio, pr\u00f3ximo de Terra Vermelha. O corpo de Pedro Bezerra Filho, 19 anos, foi localizado na manh\u00e3 desta sexta-feira (24) em uma estrada de acesso ao local. Ele morava em Agrestina e era usu\u00e1rio de drogas.<\/p>\n<p style=\"text-align: justify;\">Com este crime, sobe para\u00a0<strong>11<\/strong>\u00a0o n\u00famero de pessoas assassinadas em Caruaru neste m\u00eas de julho. De janeiro at\u00e9 agora s\u00e3o\u00a0<strong>80<\/strong>\u00a0homic\u00eddios no munic\u00edpio.<\/p>\n<p style=\"text-align: justify;\">Em\u00a0<strong>Bom Jardim<\/strong>, a v\u00edtima da viol\u00eancia foi uma mulher. Charlene, como era conhecida, foi morta a tiros. Ela era pr\u00e9-candidata a vereadora. O crime ser\u00e1 investigado pela Delegacia de Bom Jardim.<\/p>\n<p style=\"text-align: justify;\">Em\u00a0<strong>Panelas<\/strong>, aconteceu um duplo homic\u00eddio. Os corpos de dois jovens foram localizados em um matagal no S\u00edtio Jundi\u00e1 Limeira, na zona rural do munic\u00edpio. Jos\u00e9 Aparecido e Vin\u00edcius Silva foram amarrados e mortos a tiros.<\/p>\n<p style=\"text-align: justify;\"><strong>Acidentes<\/strong><\/p>\n<p style=\"text-align: justify;\">A Pol\u00edcia Rodovi\u00e1ria Federal (PRF) registrou 4 acidentes no plant\u00e3o 24 horas, em rodovias federais de Pernambuco, com 7 ve\u00edculos envolvidos. Quatro pessoas ficaram feridas e quatro foram detidas. Um ve\u00edculo foi recuperado.<\/p>\n<p style=\"text-align: justify;\">Por Helenivaldo Pereira.<\/p>\n","protected":false},"excerpt":{"rendered":"<p>Oito pessoas foram assassinadas durante as \u00faltimas 24 horas em Pernambuco. Um duplo homic\u00eddio aconteceu em Panelas. No m\u00eas de&hellip;<\/p>\n","protected":false},"author":1,"featured_media":59245,"comment_status":"open","ping_status":"open","sticky":false,"template":"","format":"standard","meta":{"footnotes":""},"categories":[14121],"tags":[2,16881,19007],"class_list":["post-59244","post","type-post","status-publish","format-standard","has-post-thumbnail","hentry","category-policial","tag-blog-do-edvaldo-magalhaes","tag-caruaru-e-regiao","tag-fim-de-semana-comeca-com-o-registro-de-8-homicidios-em-pernambuco"],"_links":{"self":[{"href":"https:\/\/blogdoedvaldomagalhaes.com.br\/index.php\/wp-json\/wp\/v2\/posts\/59244","targetHints":{"allow":["GET"]}}],"collection":[{"href":"https:\/\/blogdoedvaldomagalhaes.com.br\/index.php\/wp-json\/wp\/v2\/posts"}],"about":[{"href":"https:\/\/blogdoedvaldomagalhaes.com.br\/index.php\/wp-json\/wp\/v2\/types\/post"}],"author":[{"embeddable":true,"href":"https:\/\/blogdoedvaldomagalhaes.com.br\/index.php\/wp-json\/wp\/v2\/users\/1"}],"replies":[{"embeddable":true,"href":"https:\/\/blogdoedvaldomagalhaes.com.br\/index.php\/wp-json\/wp\/v2\/comments?post=59244"}],"version-history":[{"count":1,"href":"https:\/\/blogdoedvaldomagalhaes.com.br\/index.php\/wp-json\/wp\/v2\/posts\/59244\/revisions"}],"predecessor-version":[{"id":59246,"href":"https:\/\/blogdoedvaldomagalhaes.com.br\/index.php\/wp-json\/wp\/v2\/posts\/59244\/revisions\/59246"}],"wp:featuredmedia":[{"embeddable":true,"href":"https:\/\/blogdoedvaldomagalhaes.com.br\/index.php\/wp-json\/wp\/v2\/media\/59245"}],"wp:attachment":[{"href":"https:\/\/blogdoedvaldomagalhaes.com.br\/index.php\/wp-json\/wp\/v2\/media?parent=59244"}],"wp:term":[{"taxonomy":"category","embeddable":true,"href":"https:\/\/blogdoedvaldomagalhaes.com.br\/index.php\/wp-json\/wp\/v2\/categories?post=59244"},{"taxonomy":"post_tag","embeddable":true,"href":"https:\/\/blogdoedvaldomagalhaes.com.br\/index.php\/wp-json\/wp\/v2\/tags?post=59244"}],"curies":[{"name":"wp","href":"https:\/\/api.w.org\/{rel}","templated":true}]}}