{"id":59217,"date":"2020-07-24T20:40:16","date_gmt":"2020-07-24T23:40:16","guid":{"rendered":"https:\/\/blogdoedvaldomagalhaes.com.br\/?p=59217"},"modified":"2020-07-24T20:40:21","modified_gmt":"2020-07-24T23:40:21","slug":"tony-gel-diz-que-e-melhor-abrir-a-feira-da-sulanca-com-orientacoes-do-que-continuar-no-faz-de-conta","status":"publish","type":"post","link":"https:\/\/blogdoedvaldomagalhaes.com.br\/index.php\/2020\/07\/24\/tony-gel-diz-que-e-melhor-abrir-a-feira-da-sulanca-com-orientacoes-do-que-continuar-no-faz-de-conta\/","title":{"rendered":"Tony Gel diz que \u00e9 melhor abrir a Feira da Sulanca com orienta\u00e7\u00f5es do que continuar no faz de conta"},"content":{"rendered":"<p style=\"text-align: justify;\">O Deputado Estadual Tony Gel (MDB), defendeu na tarde de hoje (24), durante reuni\u00e3o remota da Assembl\u00e9ia Legislativa, \u00e0 autoriza\u00e7\u00e3o imediata da Feira da Sulanca de Caruaru, e das cidades de Toritama e Santa Cruz do Capibaribe.<\/p>\n<p style=\"text-align: justify;\">O parlamentar afirmou que \u00e9 melhor abrir a Feira da Sulanca de maneira organizada, seguindo todos os protocolos de seguran\u00e7a, do que continuar no faz de conta, onde os riscos de cont\u00e1gio com a COVID-19 \u00e9 muito maior.<\/p>\n<p style=\"text-align: justify;\">A posi\u00e7\u00e3o de Tony Gel foi bastante elogiada pelos demais deputados que participaram da reuni\u00e3o. O parlamentar destacou tamb\u00e9m, que o Parque 18 de Maio tem centenas de lojas no entorno, e que como o com\u00e9rcio varejista foi liberado o sulanqueiro que comercializam em bancas est\u00e3o sendo prejudicados.<\/p>\n","protected":false},"excerpt":{"rendered":"<p>O Deputado Estadual Tony Gel (MDB), defendeu na tarde de hoje (24), durante reuni\u00e3o remota da Assembl\u00e9ia Legislativa, \u00e0 autoriza\u00e7\u00e3o&hellip;<\/p>\n","protected":false},"author":1,"featured_media":59218,"comment_status":"open","ping_status":"open","sticky":false,"template":"","format":"standard","meta":{"footnotes":""},"categories":[14122],"tags":[2,16881,19005],"class_list":["post-59217","post","type-post","status-publish","format-standard","has-post-thumbnail","hentry","category-politica","tag-blog-do-edvaldo-magalhaes","tag-caruaru-e-regiao","tag-tony-gel-diz-que-e-melhor-abrir-a-feira-da-sulanca-com-orientacoes-do-que-continuar-no-faz-de-conta"],"_links":{"self":[{"href":"https:\/\/blogdoedvaldomagalhaes.com.br\/index.php\/wp-json\/wp\/v2\/posts\/59217","targetHints":{"allow":["GET"]}}],"collection":[{"href":"https:\/\/blogdoedvaldomagalhaes.com.br\/index.php\/wp-json\/wp\/v2\/posts"}],"about":[{"href":"https:\/\/blogdoedvaldomagalhaes.com.br\/index.php\/wp-json\/wp\/v2\/types\/post"}],"author":[{"embeddable":true,"href":"https:\/\/blogdoedvaldomagalhaes.com.br\/index.php\/wp-json\/wp\/v2\/users\/1"}],"replies":[{"embeddable":true,"href":"https:\/\/blogdoedvaldomagalhaes.com.br\/index.php\/wp-json\/wp\/v2\/comments?post=59217"}],"version-history":[{"count":1,"href":"https:\/\/blogdoedvaldomagalhaes.com.br\/index.php\/wp-json\/wp\/v2\/posts\/59217\/revisions"}],"predecessor-version":[{"id":59219,"href":"https:\/\/blogdoedvaldomagalhaes.com.br\/index.php\/wp-json\/wp\/v2\/posts\/59217\/revisions\/59219"}],"wp:featuredmedia":[{"embeddable":true,"href":"https:\/\/blogdoedvaldomagalhaes.com.br\/index.php\/wp-json\/wp\/v2\/media\/59218"}],"wp:attachment":[{"href":"https:\/\/blogdoedvaldomagalhaes.com.br\/index.php\/wp-json\/wp\/v2\/media?parent=59217"}],"wp:term":[{"taxonomy":"category","embeddable":true,"href":"https:\/\/blogdoedvaldomagalhaes.com.br\/index.php\/wp-json\/wp\/v2\/categories?post=59217"},{"taxonomy":"post_tag","embeddable":true,"href":"https:\/\/blogdoedvaldomagalhaes.com.br\/index.php\/wp-json\/wp\/v2\/tags?post=59217"}],"curies":[{"name":"wp","href":"https:\/\/api.w.org\/{rel}","templated":true}]}}