{"id":59210,"date":"2020-07-24T18:56:37","date_gmt":"2020-07-24T21:56:37","guid":{"rendered":"https:\/\/blogdoedvaldomagalhaes.com.br\/?p=59210"},"modified":"2020-07-24T18:56:42","modified_gmt":"2020-07-24T21:56:42","slug":"secretaria-de-saude-de-caruaru-divulga-mais-90-casos-de-covid-19-e-mais-3-obitos","status":"publish","type":"post","link":"https:\/\/blogdoedvaldomagalhaes.com.br\/index.php\/2020\/07\/24\/secretaria-de-saude-de-caruaru-divulga-mais-90-casos-de-covid-19-e-mais-3-obitos\/","title":{"rendered":"Secretaria de Sa\u00fade de Caruaru divulga mais 90 casos de Covid-19 e mais 3 \u00f3bitos"},"content":{"rendered":"<p style=\"text-align: justify;\"><span style=\"font-size: inherit;\">A Secretaria de Sa\u00fade de Caruaru informa, nesta sexta (24), que at\u00e9 o momento foram realizados 9.684 testes, dos quais 4.204 foram atrav\u00e9s do teste molecular e 5.480 do teste r\u00e1pido, com 3.940 confirma\u00e7\u00f5es para a Covid-19, incluindo tr\u00eas \u00f3bitos, no per\u00edodo de 16 de julho a 21 de julho, sendo eles: Homem, 58 anos, sem comorbidades; homem, 72 anos, sem comorbidades e uma mulher, 74 anos, com comorbidades.<\/span><\/p>\n<p style=\"text-align: justify;\">Em investiga\u00e7\u00e3o est\u00e3o 676 casos e j\u00e1 foram 5.068 descartados.<\/p>\n<p style=\"text-align: justify;\">Tamb\u00e9m j\u00e1 foram registrados 17.415 casos de s\u00edndrome gripal, dos quais 1.766 foram orientados a ficar em isolamento domiciliar.<\/p>\n<p style=\"text-align: justify;\">A secretaria informa ainda que 3.489 pacientes j\u00e1 foram recuperados do novo coronav\u00edrus.<\/p>\n<p>Foto: KTSDESIGN\/Getty Images.<\/p>\n\n\n<figure class=\"wp-block-image size-large\"><img loading=\"lazy\" decoding=\"async\" width=\"1024\" height=\"1024\" src=\"https:\/\/blogdoedvaldomagalhaes.com.br\/wp-content\/uploads\/2020\/07\/IMG-20200724-WA0142-1024x1024.jpg\" alt=\"\" class=\"wp-image-59211\" srcset=\"https:\/\/blogdoedvaldomagalhaes.com.br\/wp-content\/uploads\/2020\/07\/IMG-20200724-WA0142-1024x1024.jpg 1024w, https:\/\/blogdoedvaldomagalhaes.com.br\/wp-content\/uploads\/2020\/07\/IMG-20200724-WA0142-300x300.jpg 300w, https:\/\/blogdoedvaldomagalhaes.com.br\/wp-content\/uploads\/2020\/07\/IMG-20200724-WA0142-150x150.jpg 150w, https:\/\/blogdoedvaldomagalhaes.com.br\/wp-content\/uploads\/2020\/07\/IMG-20200724-WA0142-768x768.jpg 768w, https:\/\/blogdoedvaldomagalhaes.com.br\/wp-content\/uploads\/2020\/07\/IMG-20200724-WA0142.jpg 1280w\" sizes=\"auto, (max-width: 1024px) 100vw, 1024px\" \/><\/figure>\n","protected":false},"excerpt":{"rendered":"<p>A Secretaria de Sa\u00fade de Caruaru informa, nesta sexta (24), que at\u00e9 o momento foram realizados 9.684 testes, dos quais&hellip;<\/p>\n","protected":false},"author":1,"featured_media":59212,"comment_status":"open","ping_status":"open","sticky":false,"template":"","format":"standard","meta":{"footnotes":""},"categories":[14120],"tags":[2,16881,19004],"class_list":["post-59210","post","type-post","status-publish","format-standard","has-post-thumbnail","hentry","category-noticias","tag-blog-do-edvaldo-magalhaes","tag-caruaru-e-regiao","tag-secretaria-de-saude-de-caruaru-divulga-mais-90-casos-de-covid-19-e-mais-3-obitos"],"_links":{"self":[{"href":"https:\/\/blogdoedvaldomagalhaes.com.br\/index.php\/wp-json\/wp\/v2\/posts\/59210","targetHints":{"allow":["GET"]}}],"collection":[{"href":"https:\/\/blogdoedvaldomagalhaes.com.br\/index.php\/wp-json\/wp\/v2\/posts"}],"about":[{"href":"https:\/\/blogdoedvaldomagalhaes.com.br\/index.php\/wp-json\/wp\/v2\/types\/post"}],"author":[{"embeddable":true,"href":"https:\/\/blogdoedvaldomagalhaes.com.br\/index.php\/wp-json\/wp\/v2\/users\/1"}],"replies":[{"embeddable":true,"href":"https:\/\/blogdoedvaldomagalhaes.com.br\/index.php\/wp-json\/wp\/v2\/comments?post=59210"}],"version-history":[{"count":1,"href":"https:\/\/blogdoedvaldomagalhaes.com.br\/index.php\/wp-json\/wp\/v2\/posts\/59210\/revisions"}],"predecessor-version":[{"id":59213,"href":"https:\/\/blogdoedvaldomagalhaes.com.br\/index.php\/wp-json\/wp\/v2\/posts\/59210\/revisions\/59213"}],"wp:featuredmedia":[{"embeddable":true,"href":"https:\/\/blogdoedvaldomagalhaes.com.br\/index.php\/wp-json\/wp\/v2\/media\/59212"}],"wp:attachment":[{"href":"https:\/\/blogdoedvaldomagalhaes.com.br\/index.php\/wp-json\/wp\/v2\/media?parent=59210"}],"wp:term":[{"taxonomy":"category","embeddable":true,"href":"https:\/\/blogdoedvaldomagalhaes.com.br\/index.php\/wp-json\/wp\/v2\/categories?post=59210"},{"taxonomy":"post_tag","embeddable":true,"href":"https:\/\/blogdoedvaldomagalhaes.com.br\/index.php\/wp-json\/wp\/v2\/tags?post=59210"}],"curies":[{"name":"wp","href":"https:\/\/api.w.org\/{rel}","templated":true}]}}