{"id":59206,"date":"2020-07-24T18:26:58","date_gmt":"2020-07-24T21:26:58","guid":{"rendered":"https:\/\/blogdoedvaldomagalhaes.com.br\/?p=59206"},"modified":"2020-07-24T18:28:10","modified_gmt":"2020-07-24T21:28:10","slug":"morre-o-radialista-elias-lourenco-no-recife","status":"publish","type":"post","link":"https:\/\/blogdoedvaldomagalhaes.com.br\/index.php\/2020\/07\/24\/morre-o-radialista-elias-lourenco-no-recife\/","title":{"rendered":"Morre o radialista Elias Louren\u00e7o no Recife"},"content":{"rendered":"<p style=\"text-align: justify;\">Morreu na manh\u00e3 desta sexta-feira (24), no Recife, o radialista Elias Louren\u00e7o, aos 81 anos, v\u00edtima de infec\u00e7\u00e3o generalizada. Ele lutava contra um c\u00e2ncer de pr\u00f3stata e estava internado h\u00e1 11 meses.<\/p>\n<p style=\"text-align: justify;\">Natural de Arcoverde, no Sert\u00e3o, Elias Louren\u00e7o trabalhou em v\u00e1rias emissoras de R\u00e1dio de Pernambuco, entre elas, Clube, Globo e Folha FM, apresentando o programa \u201cAl\u00f4 Nordeste\u201d.<\/p>\n<p style=\"text-align: justify;\">O radialista deixa esposa e dois filhos, Kleber e Eliezer. Ele foi sepultado no final da tarde s\u00f3 com presen\u00e7a de familiares.<\/p>\n<p>Por Helenivaldo Pereira.<\/p>\n","protected":false},"excerpt":{"rendered":"<p>Morreu na manh\u00e3 desta sexta-feira (24), no Recife, o radialista Elias Louren\u00e7o, aos 81 anos, v\u00edtima de infec\u00e7\u00e3o generalizada. Ele&hellip;<\/p>\n","protected":false},"author":1,"featured_media":59207,"comment_status":"open","ping_status":"open","sticky":false,"template":"","format":"standard","meta":{"footnotes":""},"categories":[14120],"tags":[2,16881,19003],"class_list":["post-59206","post","type-post","status-publish","format-standard","has-post-thumbnail","hentry","category-noticias","tag-blog-do-edvaldo-magalhaes","tag-caruaru-e-regiao","tag-morre-o-radialista-elias-lourenco-no-recife"],"_links":{"self":[{"href":"https:\/\/blogdoedvaldomagalhaes.com.br\/index.php\/wp-json\/wp\/v2\/posts\/59206","targetHints":{"allow":["GET"]}}],"collection":[{"href":"https:\/\/blogdoedvaldomagalhaes.com.br\/index.php\/wp-json\/wp\/v2\/posts"}],"about":[{"href":"https:\/\/blogdoedvaldomagalhaes.com.br\/index.php\/wp-json\/wp\/v2\/types\/post"}],"author":[{"embeddable":true,"href":"https:\/\/blogdoedvaldomagalhaes.com.br\/index.php\/wp-json\/wp\/v2\/users\/1"}],"replies":[{"embeddable":true,"href":"https:\/\/blogdoedvaldomagalhaes.com.br\/index.php\/wp-json\/wp\/v2\/comments?post=59206"}],"version-history":[{"count":2,"href":"https:\/\/blogdoedvaldomagalhaes.com.br\/index.php\/wp-json\/wp\/v2\/posts\/59206\/revisions"}],"predecessor-version":[{"id":59209,"href":"https:\/\/blogdoedvaldomagalhaes.com.br\/index.php\/wp-json\/wp\/v2\/posts\/59206\/revisions\/59209"}],"wp:featuredmedia":[{"embeddable":true,"href":"https:\/\/blogdoedvaldomagalhaes.com.br\/index.php\/wp-json\/wp\/v2\/media\/59207"}],"wp:attachment":[{"href":"https:\/\/blogdoedvaldomagalhaes.com.br\/index.php\/wp-json\/wp\/v2\/media?parent=59206"}],"wp:term":[{"taxonomy":"category","embeddable":true,"href":"https:\/\/blogdoedvaldomagalhaes.com.br\/index.php\/wp-json\/wp\/v2\/categories?post=59206"},{"taxonomy":"post_tag","embeddable":true,"href":"https:\/\/blogdoedvaldomagalhaes.com.br\/index.php\/wp-json\/wp\/v2\/tags?post=59206"}],"curies":[{"name":"wp","href":"https:\/\/api.w.org\/{rel}","templated":true}]}}