{"id":59202,"date":"2020-07-24T16:22:14","date_gmt":"2020-07-24T19:22:14","guid":{"rendered":"https:\/\/blogdoedvaldomagalhaes.com.br\/?p=59202"},"modified":"2020-07-24T16:22:20","modified_gmt":"2020-07-24T19:22:20","slug":"comissao-presidida-por-lessa-sugere-retomada-das-feiras-no-dia-03-de-agosto","status":"publish","type":"post","link":"https:\/\/blogdoedvaldomagalhaes.com.br\/index.php\/2020\/07\/24\/comissao-presidida-por-lessa-sugere-retomada-das-feiras-no-dia-03-de-agosto\/","title":{"rendered":"Comiss\u00e3o presidida por Lessa sugere retomada das feiras no dia 03 de agosto"},"content":{"rendered":"<p style=\"text-align: justify;\"><span style=\"font-size: inherit;\">Um dos elos mais fortes da economia do Agreste, o com\u00e9rcio t\u00eaxtil nas feiras do Polo de Confec\u00e7\u00f5es foi tema de uma sess\u00e3o extraordin\u00e1ria da Comiss\u00e3o de Desenvolvimento Econ\u00f4mico e Turismo da Assembleia Legislativa de Pernambuco (Alepe). O encontro ocorreu de forma virtual nesta sexta-feira (24), com transmiss\u00e3o pelos canais de comunica\u00e7\u00e3o da Casa. Na ocasi\u00e3o, o colegiado, presidido pelo deputado estadual Delegado Lessa, sugeriu ao Governo do Estado para analisar a viabilidade de retorno das feiras, com responsabilidade, a partir do dia 03 de agosto. \u201cDefendemos que as feiras sejam retomadas na primeira semana de agosto, para minimizar as possibilidades de um dano maior para trabalhadores que est\u00e3o atuando sem protocolo\u201d, disse Lessa, ressaltando o papel das gest\u00f5es municipais na orienta\u00e7\u00e3o quanto aos crit\u00e9rios de atua\u00e7\u00e3o.<\/span><\/p>\n<p style=\"text-align: justify;\">O secret\u00e1rio de Desenvolvimento Econ\u00f4mico do estado, Bruno Schwambach, comprometeu-se a levar as demandas ao comit\u00ea de gerenciamento, que faz avalia\u00e7\u00f5es semanais do novo coronav\u00edrus em Pernambuco, de acordo com o Plano de Conviv\u00eancia das Atividades Econ\u00f4micas com a Covid-19. \u201cA nossa inten\u00e7\u00e3o \u00e9 abrir o m\u00e1ximo poss\u00edvel de setores, mas precisamos ter as condi\u00e7\u00f5es com os dados de sa\u00fade, demonstrando conforto para o recome\u00e7o\u201d, observou, complementando que o Plano de Conviv\u00eancia possui protocolos voltados para tr\u00eas eixos: distanciamento social; higiene e comunica\u00e7\u00e3o e monitoramento. Schwambach ainda ponderou que, a despeito de Pernambuco ter registrado queda nos \u00edndices de letalidade, houve um acr\u00e9scimo nos casos de s\u00edndrome respirat\u00f3ria aguda grave, principalmente no Agreste.<\/p>\n<p style=\"text-align: justify;\">Al\u00e9m de representantes dos poderes Legislativo e Executivo estadual, representantes das prefeituras de Toritama, Caruaru e Santa Cruz do Capibaribe, bem como diretores de entidades ligadas ao Polo T\u00eaxtil, participaram do debate. O prefeito de Toritama, Edilson Tavares, que \u00e9 empres\u00e1rio no ramo de confec\u00e7\u00f5es desde os anos 1980, contabilizou que cerca de 95% da economia do munic\u00edpio se relaciona com as feiras. \u201cSe a retomada desse com\u00e9rcio n\u00e3o ocorrer o mais breve poss\u00edvel, h\u00e1 o risco de n\u00e3o ser mais necess\u00e1rio retomar, pois os compradores poder\u00e3o migrar para outros mercados, como S\u00e3o Paulo, por exemplo\u201d, alertou. Representando o poder executivo de Caruaru, o secret\u00e1rio de Desenvolvimento Econ\u00f4mico municipal, Andr\u00e9 Teixeira, sintetizou que a Prefeitura est\u00e1 buscando alternativas para os sulanqueiros neste momento de crise, exemplificando a cria\u00e7\u00e3o do Delivery Sulanca. Tamb\u00e9m presente na reuni\u00e3o, o titular da pasta de Desenvolvimento Econ\u00f4mico em Santa Cruz do Capibaribe, Isaac Arag\u00e3o, reiterou a urg\u00eancia de retomada das feiras, de forma gradual para os munic\u00edpios que comp\u00f5em o Polo T\u00eaxtil.<\/p>\n<p style=\"text-align: justify;\">O deputado estadual Jo\u00e3o Paulo Lima aconselhou a organiza\u00e7\u00e3o de outra reuni\u00e3o, com as presen\u00e7as dos prefeitos dos tr\u00eas munic\u00edpios, para aprofundar o debate sobre o assunto. Ao longo do encontro, o deputado Tony Gel salientou reiteradas vezes a necessidade de retomada da comercializa\u00e7\u00e3o, atendendo aos crit\u00e9rios de sa\u00fade. Tamb\u00e9m participaram da reuni\u00e3o o presidente da Associa\u00e7\u00e3o Comercial e Empresarial de Caruaru, Luverson Ferreira; o presidente da C\u00e2mara de Dirigentes Lojistas de Caruaru, Adjar Soares; o presidente da Associa\u00e7\u00e3o Comercial e Industrial de Toritama, Luiz Neto; o s\u00edndico do Parque das Feiras de Toritama, Camilo Brito; o s\u00edndico do Moda Center Santa Cruz, Jos\u00e9 Gomes Filho (Menininho); o presidente da Associa\u00e7\u00e3o dos Sulanqueiros de Caruaru, Pedro Moura; a presidente da Associa\u00e7\u00e3o Uni\u00e3o dos Sulanqueiros, F\u00e1tima Amaral; o presidente da Uni\u00e3o dos Feirantes, Sulanqueiros e Ambulantes de Caruaru, Jos\u00e9 Carlos da Silva; e o vice-presidente para Assuntos do Com\u00e9rcio da Acic, Pedro Miranda.<\/p>\n<p style=\"text-align: justify;\">Foto: Viliane Gomes<\/p>\n","protected":false},"excerpt":{"rendered":"<p>Um dos elos mais fortes da economia do Agreste, o com\u00e9rcio t\u00eaxtil nas feiras do Polo de Confec\u00e7\u00f5es foi tema&hellip;<\/p>\n","protected":false},"author":1,"featured_media":59203,"comment_status":"open","ping_status":"open","sticky":false,"template":"","format":"standard","meta":{"footnotes":""},"categories":[14122],"tags":[2,16881,19002,9402],"class_list":["post-59202","post","type-post","status-publish","format-standard","has-post-thumbnail","hentry","category-politica","tag-blog-do-edvaldo-magalhaes","tag-caruaru-e-regiao","tag-comissao-presidida-por-lessa-sugere-retomada-das-feiras-no-dia-03-de-agosto","tag-erick-lessa"],"_links":{"self":[{"href":"https:\/\/blogdoedvaldomagalhaes.com.br\/index.php\/wp-json\/wp\/v2\/posts\/59202","targetHints":{"allow":["GET"]}}],"collection":[{"href":"https:\/\/blogdoedvaldomagalhaes.com.br\/index.php\/wp-json\/wp\/v2\/posts"}],"about":[{"href":"https:\/\/blogdoedvaldomagalhaes.com.br\/index.php\/wp-json\/wp\/v2\/types\/post"}],"author":[{"embeddable":true,"href":"https:\/\/blogdoedvaldomagalhaes.com.br\/index.php\/wp-json\/wp\/v2\/users\/1"}],"replies":[{"embeddable":true,"href":"https:\/\/blogdoedvaldomagalhaes.com.br\/index.php\/wp-json\/wp\/v2\/comments?post=59202"}],"version-history":[{"count":1,"href":"https:\/\/blogdoedvaldomagalhaes.com.br\/index.php\/wp-json\/wp\/v2\/posts\/59202\/revisions"}],"predecessor-version":[{"id":59204,"href":"https:\/\/blogdoedvaldomagalhaes.com.br\/index.php\/wp-json\/wp\/v2\/posts\/59202\/revisions\/59204"}],"wp:featuredmedia":[{"embeddable":true,"href":"https:\/\/blogdoedvaldomagalhaes.com.br\/index.php\/wp-json\/wp\/v2\/media\/59203"}],"wp:attachment":[{"href":"https:\/\/blogdoedvaldomagalhaes.com.br\/index.php\/wp-json\/wp\/v2\/media?parent=59202"}],"wp:term":[{"taxonomy":"category","embeddable":true,"href":"https:\/\/blogdoedvaldomagalhaes.com.br\/index.php\/wp-json\/wp\/v2\/categories?post=59202"},{"taxonomy":"post_tag","embeddable":true,"href":"https:\/\/blogdoedvaldomagalhaes.com.br\/index.php\/wp-json\/wp\/v2\/tags?post=59202"}],"curies":[{"name":"wp","href":"https:\/\/api.w.org\/{rel}","templated":true}]}}