{"id":59196,"date":"2020-07-24T11:41:34","date_gmt":"2020-07-24T14:41:34","guid":{"rendered":"https:\/\/blogdoedvaldomagalhaes.com.br\/?p=59196"},"modified":"2020-07-24T11:41:43","modified_gmt":"2020-07-24T14:41:43","slug":"hmv-abre-selecao-de-cadastro-de-reserva-para-motoristas-e-fonoaudiologos","status":"publish","type":"post","link":"https:\/\/blogdoedvaldomagalhaes.com.br\/index.php\/2020\/07\/24\/hmv-abre-selecao-de-cadastro-de-reserva-para-motoristas-e-fonoaudiologos\/","title":{"rendered":"HMV abre sele\u00e7\u00e3o de cadastro de reserva para motoristas e fonoaudi\u00f3logos"},"content":{"rendered":"<p style=\"text-align: justify;\"><span style=\"font-size: inherit;\">O Hospital Mestre Vitalino (HMV) abriu processo seletivo de cadastro de reserva para as fun\u00e7\u00f5es de fonoaudi\u00f3logo e motorista administrativo (edital 27\/2020). Os interessados em participar das sele\u00e7\u00f5es devem encaminhar curr\u00edculo para o email: rh.hmv@hospitalmestrevitalino.com.br . No assunto do e-mail devem constar o nome completo do candidato e a fun\u00e7\u00e3o pleiteada. Esta etapa aferir\u00e1 a experi\u00eancia profissional de cada candidato ap\u00f3s a sua respectiva forma\u00e7\u00e3o e titula\u00e7\u00e3o correlata \u00e0 fun\u00e7\u00e3o.<\/span><\/p>\n<p style=\"text-align: justify;\">Considerando a pandemia do coronav\u00edrus este edital n\u00e3o ter\u00e1 calend\u00e1rio com prazo para entrega dos curr\u00edculos, estando a perman\u00eancia em vigor por 30 (trinta) dias.Ap\u00f3s avalia\u00e7\u00e3o curricular, os candidatos aprovados passar\u00e3o pelas etapas de entrevista e prova escrita, de acordo com o edital. Todas as partes dos processos seletivos s\u00e3o de natureza classificat\u00f3ria e eliminat\u00f3ria. O candidato ser\u00e1 convocado, ap\u00f3s cumprimento dos crit\u00e9rios de avalia\u00e7\u00e3o, na ordem classificat\u00f3ria, atrav\u00e9s do e-mail pessoal. O resultado final ser\u00e1 divulgado pelo site institucional www.hospitalmestrevitalino.com.br\/index.php\/editais.<\/p>\n<p style=\"text-align: justify;\">A convoca\u00e7\u00e3o dos candidatos para contrata\u00e7\u00e3o (sob o regime da CLT) ser\u00e1 realizada de acordo com a necessidade do servi\u00e7o, observando-se a ordem de classifica\u00e7\u00e3o. Por se tratar de cadastro de reserva, n\u00e3o h\u00e1 obrigatoriedade de contrata\u00e7\u00e3o dos profissionais aprovados. O processo seletivo ter\u00e1 validade de 03 (tr\u00eas) meses, podendo ser prorrogado por igual per\u00edodo. O HMV fica localizado na avenida Amazonas 175, bairro Universit\u00e1rio, BR 104 &#8211; sentido Toritama.<\/p>\n","protected":false},"excerpt":{"rendered":"<p>O Hospital Mestre Vitalino (HMV) abriu processo seletivo de cadastro de reserva para as fun\u00e7\u00f5es de fonoaudi\u00f3logo e motorista administrativo&hellip;<\/p>\n","protected":false},"author":1,"featured_media":59197,"comment_status":"open","ping_status":"open","sticky":false,"template":"","format":"standard","meta":{"footnotes":""},"categories":[14120],"tags":[2,18999,3450],"class_list":["post-59196","post","type-post","status-publish","format-standard","has-post-thumbnail","hentry","category-noticias","tag-blog-do-edvaldo-magalhaes","tag-hmv-abre-selecao-de-cadastro-de-reserva-para-motoristas-e-fonoaudiologos","tag-hospital-mestre-vitalino"],"_links":{"self":[{"href":"https:\/\/blogdoedvaldomagalhaes.com.br\/index.php\/wp-json\/wp\/v2\/posts\/59196","targetHints":{"allow":["GET"]}}],"collection":[{"href":"https:\/\/blogdoedvaldomagalhaes.com.br\/index.php\/wp-json\/wp\/v2\/posts"}],"about":[{"href":"https:\/\/blogdoedvaldomagalhaes.com.br\/index.php\/wp-json\/wp\/v2\/types\/post"}],"author":[{"embeddable":true,"href":"https:\/\/blogdoedvaldomagalhaes.com.br\/index.php\/wp-json\/wp\/v2\/users\/1"}],"replies":[{"embeddable":true,"href":"https:\/\/blogdoedvaldomagalhaes.com.br\/index.php\/wp-json\/wp\/v2\/comments?post=59196"}],"version-history":[{"count":1,"href":"https:\/\/blogdoedvaldomagalhaes.com.br\/index.php\/wp-json\/wp\/v2\/posts\/59196\/revisions"}],"predecessor-version":[{"id":59198,"href":"https:\/\/blogdoedvaldomagalhaes.com.br\/index.php\/wp-json\/wp\/v2\/posts\/59196\/revisions\/59198"}],"wp:featuredmedia":[{"embeddable":true,"href":"https:\/\/blogdoedvaldomagalhaes.com.br\/index.php\/wp-json\/wp\/v2\/media\/59197"}],"wp:attachment":[{"href":"https:\/\/blogdoedvaldomagalhaes.com.br\/index.php\/wp-json\/wp\/v2\/media?parent=59196"}],"wp:term":[{"taxonomy":"category","embeddable":true,"href":"https:\/\/blogdoedvaldomagalhaes.com.br\/index.php\/wp-json\/wp\/v2\/categories?post=59196"},{"taxonomy":"post_tag","embeddable":true,"href":"https:\/\/blogdoedvaldomagalhaes.com.br\/index.php\/wp-json\/wp\/v2\/tags?post=59196"}],"curies":[{"name":"wp","href":"https:\/\/api.w.org\/{rel}","templated":true}]}}