{"id":59190,"date":"2020-07-24T08:59:54","date_gmt":"2020-07-24T11:59:54","guid":{"rendered":"https:\/\/blogdoedvaldomagalhaes.com.br\/?p=59190"},"modified":"2020-07-24T09:00:00","modified_gmt":"2020-07-24T12:00:00","slug":"automovel-carregado-com-maconha-e-apreendido-apos-capotar-em-pombos-pe","status":"publish","type":"post","link":"https:\/\/blogdoedvaldomagalhaes.com.br\/index.php\/2020\/07\/24\/automovel-carregado-com-maconha-e-apreendido-apos-capotar-em-pombos-pe\/","title":{"rendered":"Autom\u00f3vel carregado com maconha \u00e9 apreendido ap\u00f3s capotar em Pombos-PE"},"content":{"rendered":"<p style=\"text-align: justify;\"><span style=\"font-size: inherit;\">Um carro que era utilizado para transportar maconha foi apreendido nesta sexta-feira (24), pela Pol\u00edcia Rodovi\u00e1ria Federal (PRF), em Pombos, na Zona da Mata de Pernambuco. O ve\u00edculo capotou ap\u00f3s um acompanhamento que come\u00e7ou na BR 232.<\/span><\/p>\n<p style=\"text-align: justify;\">Policiais deram ordem de parada ao motorista de um carro no quil\u00f4metro 71 da rodovia, que desobedeceu e fugiu em alta velocidade pela Serra das Russas. No final da descida, o condutor entrou em uma estrada de terra e capotou o autom\u00f3vel.<\/p>\n<p style=\"text-align: justify;\">Em seguida, o motorista saiu pela janela e correu para uma comunidade. Foram realizadas buscas no local, mas o homem n\u00e3o foi encontrado.<\/p>\n<p style=\"text-align: justify;\">No porta-malas e no banco de tr\u00e1s do carro foram encontrados dezenas de sacos com maconha. A droga ser\u00e1 encaminhada \u00e0 delegacia de Pol\u00edcia Civil de Gravat\u00e1 para ser pesada.<\/p>\n\n\n<figure class=\"wp-block-image size-large\"><img loading=\"lazy\" decoding=\"async\" width=\"1024\" height=\"576\" src=\"https:\/\/blogdoedvaldomagalhaes.com.br\/wp-content\/uploads\/2020\/07\/IMG-20200724-WA0035-1024x576.jpg\" alt=\"\" class=\"wp-image-59192\" srcset=\"https:\/\/blogdoedvaldomagalhaes.com.br\/wp-content\/uploads\/2020\/07\/IMG-20200724-WA0035-1024x576.jpg 1024w, https:\/\/blogdoedvaldomagalhaes.com.br\/wp-content\/uploads\/2020\/07\/IMG-20200724-WA0035-300x169.jpg 300w, https:\/\/blogdoedvaldomagalhaes.com.br\/wp-content\/uploads\/2020\/07\/IMG-20200724-WA0035-768x432.jpg 768w, https:\/\/blogdoedvaldomagalhaes.com.br\/wp-content\/uploads\/2020\/07\/IMG-20200724-WA0035-1140x641.jpg 1140w, https:\/\/blogdoedvaldomagalhaes.com.br\/wp-content\/uploads\/2020\/07\/IMG-20200724-WA0035-720x405.jpg 720w, https:\/\/blogdoedvaldomagalhaes.com.br\/wp-content\/uploads\/2020\/07\/IMG-20200724-WA0035.jpg 1152w\" sizes=\"auto, (max-width: 1024px) 100vw, 1024px\" \/><\/figure>\n\n\n\n<figure class=\"wp-block-image size-large\"><img loading=\"lazy\" decoding=\"async\" width=\"1024\" height=\"498\" src=\"https:\/\/blogdoedvaldomagalhaes.com.br\/wp-content\/uploads\/2020\/07\/IMG-20200724-WA0030-1024x498.jpg\" alt=\"\" class=\"wp-image-59193\" srcset=\"https:\/\/blogdoedvaldomagalhaes.com.br\/wp-content\/uploads\/2020\/07\/IMG-20200724-WA0030-1024x498.jpg 1024w, https:\/\/blogdoedvaldomagalhaes.com.br\/wp-content\/uploads\/2020\/07\/IMG-20200724-WA0030-300x146.jpg 300w, https:\/\/blogdoedvaldomagalhaes.com.br\/wp-content\/uploads\/2020\/07\/IMG-20200724-WA0030-768x373.jpg 768w, https:\/\/blogdoedvaldomagalhaes.com.br\/wp-content\/uploads\/2020\/07\/IMG-20200724-WA0030.jpg 1280w\" sizes=\"auto, (max-width: 1024px) 100vw, 1024px\" \/><\/figure>\n\n\n\n<figure class=\"wp-block-image size-large\"><img loading=\"lazy\" decoding=\"async\" width=\"1024\" height=\"498\" src=\"https:\/\/blogdoedvaldomagalhaes.com.br\/wp-content\/uploads\/2020\/07\/IMG-20200724-WA0027-1024x498.jpg\" alt=\"\" class=\"wp-image-59194\" srcset=\"https:\/\/blogdoedvaldomagalhaes.com.br\/wp-content\/uploads\/2020\/07\/IMG-20200724-WA0027-1024x498.jpg 1024w, https:\/\/blogdoedvaldomagalhaes.com.br\/wp-content\/uploads\/2020\/07\/IMG-20200724-WA0027-300x146.jpg 300w, https:\/\/blogdoedvaldomagalhaes.com.br\/wp-content\/uploads\/2020\/07\/IMG-20200724-WA0027-768x373.jpg 768w, https:\/\/blogdoedvaldomagalhaes.com.br\/wp-content\/uploads\/2020\/07\/IMG-20200724-WA0027.jpg 1280w\" sizes=\"auto, (max-width: 1024px) 100vw, 1024px\" \/><figcaption>Fotos: PRF\/Divulga\u00e7\u00e3o<\/figcaption><\/figure>\n","protected":false},"excerpt":{"rendered":"<p>Um carro que era utilizado para transportar maconha foi apreendido nesta sexta-feira (24), pela Pol\u00edcia Rodovi\u00e1ria Federal (PRF), em Pombos,&hellip;<\/p>\n","protected":false},"author":1,"featured_media":59191,"comment_status":"open","ping_status":"open","sticky":false,"template":"","format":"standard","meta":{"footnotes":""},"categories":[14121],"tags":[18998,2,16881],"class_list":["post-59190","post","type-post","status-publish","format-standard","has-post-thumbnail","hentry","category-policial","tag-automovel-carregado-com-maconha-e-apreendido-apos-capotar-em-pombos-pe","tag-blog-do-edvaldo-magalhaes","tag-caruaru-e-regiao"],"_links":{"self":[{"href":"https:\/\/blogdoedvaldomagalhaes.com.br\/index.php\/wp-json\/wp\/v2\/posts\/59190","targetHints":{"allow":["GET"]}}],"collection":[{"href":"https:\/\/blogdoedvaldomagalhaes.com.br\/index.php\/wp-json\/wp\/v2\/posts"}],"about":[{"href":"https:\/\/blogdoedvaldomagalhaes.com.br\/index.php\/wp-json\/wp\/v2\/types\/post"}],"author":[{"embeddable":true,"href":"https:\/\/blogdoedvaldomagalhaes.com.br\/index.php\/wp-json\/wp\/v2\/users\/1"}],"replies":[{"embeddable":true,"href":"https:\/\/blogdoedvaldomagalhaes.com.br\/index.php\/wp-json\/wp\/v2\/comments?post=59190"}],"version-history":[{"count":1,"href":"https:\/\/blogdoedvaldomagalhaes.com.br\/index.php\/wp-json\/wp\/v2\/posts\/59190\/revisions"}],"predecessor-version":[{"id":59195,"href":"https:\/\/blogdoedvaldomagalhaes.com.br\/index.php\/wp-json\/wp\/v2\/posts\/59190\/revisions\/59195"}],"wp:featuredmedia":[{"embeddable":true,"href":"https:\/\/blogdoedvaldomagalhaes.com.br\/index.php\/wp-json\/wp\/v2\/media\/59191"}],"wp:attachment":[{"href":"https:\/\/blogdoedvaldomagalhaes.com.br\/index.php\/wp-json\/wp\/v2\/media?parent=59190"}],"wp:term":[{"taxonomy":"category","embeddable":true,"href":"https:\/\/blogdoedvaldomagalhaes.com.br\/index.php\/wp-json\/wp\/v2\/categories?post=59190"},{"taxonomy":"post_tag","embeddable":true,"href":"https:\/\/blogdoedvaldomagalhaes.com.br\/index.php\/wp-json\/wp\/v2\/tags?post=59190"}],"curies":[{"name":"wp","href":"https:\/\/api.w.org\/{rel}","templated":true}]}}