{"id":59187,"date":"2020-07-23T22:28:51","date_gmt":"2020-07-24T01:28:51","guid":{"rendered":"https:\/\/blogdoedvaldomagalhaes.com.br\/?p=59187"},"modified":"2020-07-23T22:28:56","modified_gmt":"2020-07-24T01:28:56","slug":"comercio-tera-atendimento-dobrado-e-shoppings-centers-terao-ampliacao-no-horario-de-funcionamento","status":"publish","type":"post","link":"https:\/\/blogdoedvaldomagalhaes.com.br\/index.php\/2020\/07\/23\/comercio-tera-atendimento-dobrado-e-shoppings-centers-terao-ampliacao-no-horario-de-funcionamento\/","title":{"rendered":"Com\u00e9rcio ter\u00e1 atendimento dobrado e shoppings centers ter\u00e3o amplia\u00e7\u00e3o no hor\u00e1rio de funcionamento"},"content":{"rendered":"<p style=\"text-align: justify;\">A partir da pr\u00f3xima segunda-feira (27.07), ap\u00f3s avalia\u00e7\u00e3o do Gabinete de Enfrentamento \u00e0 Covid-19, setores que j\u00e1 est\u00e3o em opera\u00e7\u00e3o em todo o Estado passar\u00e3o por algumas mudan\u00e7as. O com\u00e9rcio geral ter\u00e1 sua capacidade de atendimento ao p\u00fablico dobrada e ser\u00e1 permitido um cliente a cada 10 metros quadrados \u2013 atualmente, \u00e9 permitido um cliente a cada 20m\u00b2. Al\u00e9m disso, os shopping centers ter\u00e3o amplia\u00e7\u00e3o no hor\u00e1rio de funcionamento. Antes, abertos das 12h \u00e0s 20h, os centros de compra passar\u00e3o a funcionar das 10h \u00e0s 20h.<\/p>\n<p style=\"text-align: justify;\">O secret\u00e1rio de Desenvolvimento Econ\u00f4mico, Bruno Schwambach, refor\u00e7ou, no entanto, que \u00e9 importante que as medidas de seguran\u00e7a, como distanciamento social, higiene, monitoramento e comunica\u00e7\u00e3o devem permanecer funcionando, assim como os protocolos espec\u00edficos da atividade. \u201cObservamos o comportamento dos clientes com a volta da opera\u00e7\u00e3o de alimenta\u00e7\u00e3o nesses estabelecimentos, e decidimos por antecipar a abertura para poder diluir o fluxo nessa entrada, separando quem quer fazer compras de quem quer ir ao shopping para se alimentar\u201d, pontuou o gestor.<\/p>\n<p style=\"text-align: justify;\">A avalia\u00e7\u00e3o feita pelo Gabinete de Enfrentamento \u00e0 Covid-19 de Pernambuco \u00e9 cont\u00ednua e leva em considera\u00e7\u00e3o indicadores de sa\u00fade, como o n\u00famero de casos registrados, de \u00f3bitos, press\u00e3o sobre a rede hospitalar, entre outros fatores que contribuem para o planejamento de combate \u00e0 pandemia. Essa an\u00e1lise permitir\u00e1, caso necess\u00e1rio, a implanta\u00e7\u00e3o de medidas restritivas espec\u00edficas e a possibilidade de recuo das regi\u00f5es na retomada das atividades econ\u00f4micas.<\/p>\n<p>Foto: Shopping Difusora\/Divulga\u00e7\u00e3o.<\/p>\n","protected":false},"excerpt":{"rendered":"<p>A partir da pr\u00f3xima segunda-feira (27.07), ap\u00f3s avalia\u00e7\u00e3o do Gabinete de Enfrentamento \u00e0 Covid-19, setores que j\u00e1 est\u00e3o em opera\u00e7\u00e3o&hellip;<\/p>\n","protected":false},"author":1,"featured_media":59188,"comment_status":"open","ping_status":"open","sticky":false,"template":"","format":"standard","meta":{"footnotes":""},"categories":[14120],"tags":[16881,18997],"class_list":["post-59187","post","type-post","status-publish","format-standard","has-post-thumbnail","hentry","category-noticias","tag-caruaru-e-regiao","tag-comercio-tera-atendimento-dobrado-e-shoppings-centers-terao-ampliacao-no-horario-de-funcionamento"],"_links":{"self":[{"href":"https:\/\/blogdoedvaldomagalhaes.com.br\/index.php\/wp-json\/wp\/v2\/posts\/59187","targetHints":{"allow":["GET"]}}],"collection":[{"href":"https:\/\/blogdoedvaldomagalhaes.com.br\/index.php\/wp-json\/wp\/v2\/posts"}],"about":[{"href":"https:\/\/blogdoedvaldomagalhaes.com.br\/index.php\/wp-json\/wp\/v2\/types\/post"}],"author":[{"embeddable":true,"href":"https:\/\/blogdoedvaldomagalhaes.com.br\/index.php\/wp-json\/wp\/v2\/users\/1"}],"replies":[{"embeddable":true,"href":"https:\/\/blogdoedvaldomagalhaes.com.br\/index.php\/wp-json\/wp\/v2\/comments?post=59187"}],"version-history":[{"count":1,"href":"https:\/\/blogdoedvaldomagalhaes.com.br\/index.php\/wp-json\/wp\/v2\/posts\/59187\/revisions"}],"predecessor-version":[{"id":59189,"href":"https:\/\/blogdoedvaldomagalhaes.com.br\/index.php\/wp-json\/wp\/v2\/posts\/59187\/revisions\/59189"}],"wp:featuredmedia":[{"embeddable":true,"href":"https:\/\/blogdoedvaldomagalhaes.com.br\/index.php\/wp-json\/wp\/v2\/media\/59188"}],"wp:attachment":[{"href":"https:\/\/blogdoedvaldomagalhaes.com.br\/index.php\/wp-json\/wp\/v2\/media?parent=59187"}],"wp:term":[{"taxonomy":"category","embeddable":true,"href":"https:\/\/blogdoedvaldomagalhaes.com.br\/index.php\/wp-json\/wp\/v2\/categories?post=59187"},{"taxonomy":"post_tag","embeddable":true,"href":"https:\/\/blogdoedvaldomagalhaes.com.br\/index.php\/wp-json\/wp\/v2\/tags?post=59187"}],"curies":[{"name":"wp","href":"https:\/\/api.w.org\/{rel}","templated":true}]}}