{"id":59181,"date":"2020-07-23T21:31:07","date_gmt":"2020-07-24T00:31:07","guid":{"rendered":"https:\/\/blogdoedvaldomagalhaes.com.br\/?p=59181"},"modified":"2020-07-23T22:00:32","modified_gmt":"2020-07-24T01:00:32","slug":"secretaria-de-saude-pe-divulga-mais-1-800-novos-casos-positivos-de-covid-19-no-estado","status":"publish","type":"post","link":"https:\/\/blogdoedvaldomagalhaes.com.br\/index.php\/2020\/07\/23\/secretaria-de-saude-pe-divulga-mais-1-800-novos-casos-positivos-de-covid-19-no-estado\/","title":{"rendered":"Secretaria de Sa\u00fade-PE divulga mais 1.800 novos casos positivos de Covid-19 no Estado"},"content":{"rendered":"<p style=\"text-align: justify;\">Pernambuco confirmou, nesta quinta-feira (23\/07), 1.858 novos casos da Covid-19. Destes, 179 (9,6%) est\u00e3o classificados como Si\u0301ndrome Respirato\u0301ria Aguda Grave (Srag), portanto internados e\/ou mais graves, e 1.679 casos (90,4%) s\u00e3o casos leves. Ao todo, o Estado soma 83.240 confirma\u00e7\u00f5es (22.553 graves e 60.687 leves). \u00c9 importante destacar que o aumento no n\u00famero de casos de hoje \u00e9 motivado pelo ac\u00famulo de notifica\u00e7\u00f5es dos \u00faltimos dias, devido \u00e0 instabilidade no sistema de notifica\u00e7\u00e3o e-SUS Notifica. O boletim tamb\u00e9m registra mais 241 pessoas recuperadas da doen\u00e7a, totalizando 60.360 curas. <br \/>\u2800\u2800\u2800\u2800\u2800<br \/>Foram confirmadas, por exames, 59 novas mortes (sendo 29 homens e 30 mulheres). Com isso, o Estado totaliza 6.211 \u00f3bitos pela Covid-19. As mortes registradas no boletim desta quinta ocorreram entre 20 de abril e 22 de julho. Destas, 34 (58%) ocorreram de 20\/04 a 19\/07. As outras 25 (42%) ocorreram nos \u00faltimos 3 dias, sendo 5 mortes no dia 20\/07, 13 no dia 21\/07 e 7 registradas no dia de ontem (22\/07).<br \/>\u2800\u2800\u2800\u2800\u2800<br \/>At\u00e9 agora, os casos graves confirmados est\u00e3o distribu\u00eddos por 181 munic\u00edpios pernambucanos, al\u00e9m de Fernando de Noronha e outros Estados e pa\u00edses.<span style=\"font-size: inherit;\">t<\/span><\/p>\n<p style=\"text-align: justify;\"><span style=\"font-size: inherit;\">O \u00faltimo boletim da Funda\u00e7\u00e3o Oswaldo Cruz (Fiocruz), apresenta um panorama epidemiol\u00f3gico da pandemia nos estados e regi\u00f5es do Pa\u00eds. Segundo a Fiocruz, Pernambuco ocupa a 2\u00aa posi\u00e7\u00e3o na propor\u00e7\u00e3o de leitos de UTI de Covid-19 para cada 10 mil habitantes. Nos \u00faltimos meses, o governo abriu quase 1,8 mil leitos espec\u00edficos para pacientes com a doen\u00e7a, sendo 800 de UTI, nesse que foi o maior esfor\u00e7o sanit\u00e1rio, log\u00edstico e de mobiliza\u00e7\u00e3o de recursos humanos da hist\u00f3ria da sa\u00fade p\u00fablica do Estado. Outro indicador levantado pela Fiocruz foi a taxa de ocupa\u00e7\u00e3o dos leitos de UTI, que indica a capacidade do sistema sanit\u00e1rio de absorver a demanda dos pacientes. Atualmente, a ocupa\u00e7\u00e3o dos leitos de terapia intensiva na rede p\u00fablica de Pernambuco est\u00e1 em 73%.<\/span><\/p>\n\n\n<figure class=\"wp-block-image size-large\"><img loading=\"lazy\" decoding=\"async\" width=\"1024\" height=\"819\" src=\"https:\/\/blogdoedvaldomagalhaes.com.br\/wp-content\/uploads\/2020\/07\/FB_IMG_1595550687225-1-1024x819.jpg\" alt=\"\" class=\"wp-image-59184\" srcset=\"https:\/\/blogdoedvaldomagalhaes.com.br\/wp-content\/uploads\/2020\/07\/FB_IMG_1595550687225-1-1024x819.jpg 1024w, https:\/\/blogdoedvaldomagalhaes.com.br\/wp-content\/uploads\/2020\/07\/FB_IMG_1595550687225-1-300x240.jpg 300w, https:\/\/blogdoedvaldomagalhaes.com.br\/wp-content\/uploads\/2020\/07\/FB_IMG_1595550687225-1-768x614.jpg 768w, https:\/\/blogdoedvaldomagalhaes.com.br\/wp-content\/uploads\/2020\/07\/FB_IMG_1595550687225-1.jpg 1080w\" sizes=\"auto, (max-width: 1024px) 100vw, 1024px\" \/><\/figure>\n","protected":false},"excerpt":{"rendered":"<p>Pernambuco confirmou, nesta quinta-feira (23\/07), 1.858 novos casos da Covid-19. Destes, 179 (9,6%) est\u00e3o classificados como Si\u0301ndrome Respirato\u0301ria Aguda Grave&hellip;<\/p>\n","protected":false},"author":1,"featured_media":59182,"comment_status":"open","ping_status":"open","sticky":false,"template":"","format":"standard","meta":{"footnotes":""},"categories":[14120],"tags":[2,17948,18996],"class_list":["post-59181","post","type-post","status-publish","format-standard","has-post-thumbnail","hentry","category-noticias","tag-blog-do-edvaldo-magalhaes","tag-coronavirus-2","tag-secretaria-de-saude-pe-divulga-mais-1-800-novos-casos-positivos-de-covid-19-no-estado"],"_links":{"self":[{"href":"https:\/\/blogdoedvaldomagalhaes.com.br\/index.php\/wp-json\/wp\/v2\/posts\/59181","targetHints":{"allow":["GET"]}}],"collection":[{"href":"https:\/\/blogdoedvaldomagalhaes.com.br\/index.php\/wp-json\/wp\/v2\/posts"}],"about":[{"href":"https:\/\/blogdoedvaldomagalhaes.com.br\/index.php\/wp-json\/wp\/v2\/types\/post"}],"author":[{"embeddable":true,"href":"https:\/\/blogdoedvaldomagalhaes.com.br\/index.php\/wp-json\/wp\/v2\/users\/1"}],"replies":[{"embeddable":true,"href":"https:\/\/blogdoedvaldomagalhaes.com.br\/index.php\/wp-json\/wp\/v2\/comments?post=59181"}],"version-history":[{"count":2,"href":"https:\/\/blogdoedvaldomagalhaes.com.br\/index.php\/wp-json\/wp\/v2\/posts\/59181\/revisions"}],"predecessor-version":[{"id":59186,"href":"https:\/\/blogdoedvaldomagalhaes.com.br\/index.php\/wp-json\/wp\/v2\/posts\/59181\/revisions\/59186"}],"wp:featuredmedia":[{"embeddable":true,"href":"https:\/\/blogdoedvaldomagalhaes.com.br\/index.php\/wp-json\/wp\/v2\/media\/59182"}],"wp:attachment":[{"href":"https:\/\/blogdoedvaldomagalhaes.com.br\/index.php\/wp-json\/wp\/v2\/media?parent=59181"}],"wp:term":[{"taxonomy":"category","embeddable":true,"href":"https:\/\/blogdoedvaldomagalhaes.com.br\/index.php\/wp-json\/wp\/v2\/categories?post=59181"},{"taxonomy":"post_tag","embeddable":true,"href":"https:\/\/blogdoedvaldomagalhaes.com.br\/index.php\/wp-json\/wp\/v2\/tags?post=59181"}],"curies":[{"name":"wp","href":"https:\/\/api.w.org\/{rel}","templated":true}]}}