{"id":59175,"date":"2020-07-23T20:47:09","date_gmt":"2020-07-23T23:47:09","guid":{"rendered":"https:\/\/blogdoedvaldomagalhaes.com.br\/?p=59175"},"modified":"2020-07-23T20:47:14","modified_gmt":"2020-07-23T23:47:14","slug":"hospital-de-campanha-de-caruaru-abre-30-novos-leitos-de-enfermaria","status":"publish","type":"post","link":"https:\/\/blogdoedvaldomagalhaes.com.br\/index.php\/2020\/07\/23\/hospital-de-campanha-de-caruaru-abre-30-novos-leitos-de-enfermaria\/","title":{"rendered":"Hospital de Campanha de Caruaru abre 30 novos leitos de enfermaria"},"content":{"rendered":"<p style=\"text-align: justify;\"><span style=\"font-size: inherit;\">O Hospital de Campanha, instalado no p\u00e1tio do Hospital Mestre Vitalino, em Caruaru, Agreste de Pernambuco, ir\u00e1 abrir 30 novos leitos de enfermaria nesta sexta-feira (24). Com esta a\u00e7\u00e3o de abertura, o Hospital passar\u00e1 a contar com 60 leitos de enfermaria e 20 de Unidade de Terapia Intensiva (UTI) \u2013 leitos com suporte ventilat\u00f3rio.<\/span><\/p>\n<p style=\"text-align: justify;\">As 4\u00aa e 5\u00aa regi\u00f5es de sa\u00fade de Pernambuco, \u00e1rea de atendimento do Hospital de Campanha, ainda vivem um momento delicado da pandemia do novo coronav\u00edrus, com um quantitativo relevante de novos diagn\u00f3sticos da Covid-19. At\u00e9 o momento o Hospital de Campanha atendeu 178 pacientes, destes 107 com casos confirmados da doen\u00e7a. A amplia\u00e7\u00e3o do servi\u00e7o contempla uma popula\u00e7\u00e3o de mais de 1.859.175 habitantes.<\/p>\n<p style=\"text-align: justify;\">&#8220;Neste momento delicado que ainda vivemos, estamos dando mais um passo significativo no enfrentamento desta pandemia, sobretudo aqui nestas duas regi\u00f5es de sa\u00fade que ainda apresentam muitos casos de infec\u00e7\u00e3o. Com esta autoriza\u00e7\u00e3o do Governo do Estado para a amplia\u00e7\u00e3o, a unidade do Hospital de Campanha nos possibilitar\u00e1 o atendimento de mais pacientes&#8221;, esclareceu Dr. Marcelo Cavalcanti, diretor geral do HMV.<\/p>\n\n\n<figure class=\"wp-block-image size-large\"><img loading=\"lazy\" decoding=\"async\" width=\"1024\" height=\"655\" src=\"https:\/\/blogdoedvaldomagalhaes.com.br\/wp-content\/uploads\/2020\/07\/IMG-20200723-WA0174-1024x655.jpg\" alt=\"\" class=\"wp-image-59177\" srcset=\"https:\/\/blogdoedvaldomagalhaes.com.br\/wp-content\/uploads\/2020\/07\/IMG-20200723-WA0174-1024x655.jpg 1024w, https:\/\/blogdoedvaldomagalhaes.com.br\/wp-content\/uploads\/2020\/07\/IMG-20200723-WA0174-300x192.jpg 300w, https:\/\/blogdoedvaldomagalhaes.com.br\/wp-content\/uploads\/2020\/07\/IMG-20200723-WA0174-768x491.jpg 768w, https:\/\/blogdoedvaldomagalhaes.com.br\/wp-content\/uploads\/2020\/07\/IMG-20200723-WA0174.jpg 1280w\" sizes=\"auto, (max-width: 1024px) 100vw, 1024px\" \/><\/figure>\n\n\n\n<figure class=\"wp-block-image size-large\"><img loading=\"lazy\" decoding=\"async\" width=\"1024\" height=\"682\" src=\"https:\/\/blogdoedvaldomagalhaes.com.br\/wp-content\/uploads\/2020\/07\/IMG-20200723-WA0175-1024x682.jpg\" alt=\"\" class=\"wp-image-59178\" srcset=\"https:\/\/blogdoedvaldomagalhaes.com.br\/wp-content\/uploads\/2020\/07\/IMG-20200723-WA0175-1024x682.jpg 1024w, https:\/\/blogdoedvaldomagalhaes.com.br\/wp-content\/uploads\/2020\/07\/IMG-20200723-WA0175-300x200.jpg 300w, https:\/\/blogdoedvaldomagalhaes.com.br\/wp-content\/uploads\/2020\/07\/IMG-20200723-WA0175-768x511.jpg 768w, https:\/\/blogdoedvaldomagalhaes.com.br\/wp-content\/uploads\/2020\/07\/IMG-20200723-WA0175.jpg 1280w\" sizes=\"auto, (max-width: 1024px) 100vw, 1024px\" \/><\/figure>\n","protected":false},"excerpt":{"rendered":"<p>O Hospital de Campanha, instalado no p\u00e1tio do Hospital Mestre Vitalino, em Caruaru, Agreste de Pernambuco, ir\u00e1 abrir 30 novos&hellip;<\/p>\n","protected":false},"author":1,"featured_media":59176,"comment_status":"open","ping_status":"open","sticky":false,"template":"","format":"standard","meta":{"footnotes":""},"categories":[14120],"tags":[2,17948,18995],"class_list":["post-59175","post","type-post","status-publish","format-standard","has-post-thumbnail","hentry","category-noticias","tag-blog-do-edvaldo-magalhaes","tag-coronavirus-2","tag-hospital-de-campanha-de-caruaru-abre-30-novos-leitos-de-enfermaria"],"_links":{"self":[{"href":"https:\/\/blogdoedvaldomagalhaes.com.br\/index.php\/wp-json\/wp\/v2\/posts\/59175","targetHints":{"allow":["GET"]}}],"collection":[{"href":"https:\/\/blogdoedvaldomagalhaes.com.br\/index.php\/wp-json\/wp\/v2\/posts"}],"about":[{"href":"https:\/\/blogdoedvaldomagalhaes.com.br\/index.php\/wp-json\/wp\/v2\/types\/post"}],"author":[{"embeddable":true,"href":"https:\/\/blogdoedvaldomagalhaes.com.br\/index.php\/wp-json\/wp\/v2\/users\/1"}],"replies":[{"embeddable":true,"href":"https:\/\/blogdoedvaldomagalhaes.com.br\/index.php\/wp-json\/wp\/v2\/comments?post=59175"}],"version-history":[{"count":1,"href":"https:\/\/blogdoedvaldomagalhaes.com.br\/index.php\/wp-json\/wp\/v2\/posts\/59175\/revisions"}],"predecessor-version":[{"id":59179,"href":"https:\/\/blogdoedvaldomagalhaes.com.br\/index.php\/wp-json\/wp\/v2\/posts\/59175\/revisions\/59179"}],"wp:featuredmedia":[{"embeddable":true,"href":"https:\/\/blogdoedvaldomagalhaes.com.br\/index.php\/wp-json\/wp\/v2\/media\/59176"}],"wp:attachment":[{"href":"https:\/\/blogdoedvaldomagalhaes.com.br\/index.php\/wp-json\/wp\/v2\/media?parent=59175"}],"wp:term":[{"taxonomy":"category","embeddable":true,"href":"https:\/\/blogdoedvaldomagalhaes.com.br\/index.php\/wp-json\/wp\/v2\/categories?post=59175"},{"taxonomy":"post_tag","embeddable":true,"href":"https:\/\/blogdoedvaldomagalhaes.com.br\/index.php\/wp-json\/wp\/v2\/tags?post=59175"}],"curies":[{"name":"wp","href":"https:\/\/api.w.org\/{rel}","templated":true}]}}