{"id":59170,"date":"2020-07-23T20:21:58","date_gmt":"2020-07-23T23:21:58","guid":{"rendered":"https:\/\/blogdoedvaldomagalhaes.com.br\/?p=59170"},"modified":"2020-07-23T20:22:04","modified_gmt":"2020-07-23T23:22:04","slug":"pacientes-recurados-da-covid-19-recebem-alta-em-taquaritinga-do-norte-veja","status":"publish","type":"post","link":"https:\/\/blogdoedvaldomagalhaes.com.br\/index.php\/2020\/07\/23\/pacientes-recurados-da-covid-19-recebem-alta-em-taquaritinga-do-norte-veja\/","title":{"rendered":"Pacientes recurados da Covid 19 recebem alta em Taquaritinga do Norte; Veja"},"content":{"rendered":"<p style=\"text-align: justify;\"><span style=\"font-size: inherit;\">Um senhor de 92 anos e outro de 40 deram exemplo de supera\u00e7\u00e3o e emocionaram, na manh\u00e3 de hoje (23), familiares, m\u00e9dicos, enfermeiros e funcion\u00e1rios do Hospital Geral Severino Pereira da Silva em Taquaritinga do Norte.\u00a0<\/span><\/p>\n<p style=\"text-align: justify;\">Diagnosticado com o novo corona v\u00edrus, Sr. Heleno Pereira, 92 anos, do grupo de alto risco, deu entrada no Hospital dia 07\/07, ficando 13 dias em isolamento no anexo covid-19. Sr. Heleno \u00e9 uma prova persistente da for\u00e7a da vida que foi respondendo aos cuidados m\u00e9dicos e da equipe at\u00e9 que recebeu alta do anexo da Covid, no \u00faltimo domingo (19), sendo remanejado para o internamento na cl\u00ednica m\u00e9dica do Hospital, ficando at\u00e9 esta manh\u00e3, quando recebeu alta para voltar pra casa.<\/p>\n<p style=\"text-align: justify;\">J\u00e1 o paciente Valdemir Vieira, 40 anos, tamb\u00e9m faz parte do grupo de risco por ser hipertenso, deu entrada no hospital dia 15\/07 com sinais e sintomas de dificuldade respirat\u00f3ria. Ficou interno por sete dias no anexo covid-19 at\u00e9 receber alta nesta manh\u00e3. A libera\u00e7\u00e3o dos pacientes foi celebrada com aplausos, emo\u00e7\u00e3o e alegria por familiares, m\u00e9dicos, enfermeiros e funcion\u00e1rios.<\/p>\n<p style=\"text-align: justify;\">Em uma rede social uma neta do Sr. Heleno, externou sua alegria e agradeceu todo empenho dos m\u00e9dicos e funcion\u00e1rios do Hospital. \u201cVenho aqui agradecer e parabenizar o Hospital Geral Severino Pereira pela a recep\u00e7\u00e3o e o atendimento extraordin\u00e1rio que tiveram com meu av\u00f4 Heleno, que h\u00e1 17 dias foi diagnosticado com o covid19 e gra\u00e7as a Deus e os cuidados dos profissionais da sa\u00fade, venceu a covid19 com seus 92 anos. \u00c9 um guerreiro e hoje recebeu alta&#8230;\u201d, completou.<\/p>\n<p style=\"text-align: justify;\"><span style=\"font-size: inherit;\">\u201cEst\u00e1 sendo desafiador para todos n\u00f3s a luta contra a covid. Tudo \u00e9 muito novo mas com for\u00e7a, persist\u00eancia e o excelente trabalho de uma equipe estamos saindo vitoriosos. Na data de hoje (23), n\u00e3o temos mais nenhum paciente interno na Ala do Covid em nossa cidade. Isso \u00e9 muito gratificante\u201d, comemorou a Fabricia Arruda, diretora da Fundata.<\/span><\/p>\n\n\n<figure class=\"wp-block-image size-large\"><img loading=\"lazy\" decoding=\"async\" width=\"1024\" height=\"730\" src=\"https:\/\/blogdoedvaldomagalhaes.com.br\/wp-content\/uploads\/2020\/07\/IMG-20200723-WA0165-1024x730.jpg\" alt=\"\" class=\"wp-image-59172\" srcset=\"https:\/\/blogdoedvaldomagalhaes.com.br\/wp-content\/uploads\/2020\/07\/IMG-20200723-WA0165-1024x730.jpg 1024w, https:\/\/blogdoedvaldomagalhaes.com.br\/wp-content\/uploads\/2020\/07\/IMG-20200723-WA0165-300x214.jpg 300w, https:\/\/blogdoedvaldomagalhaes.com.br\/wp-content\/uploads\/2020\/07\/IMG-20200723-WA0165-768x547.jpg 768w, https:\/\/blogdoedvaldomagalhaes.com.br\/wp-content\/uploads\/2020\/07\/IMG-20200723-WA0165.jpg 1162w\" sizes=\"auto, (max-width: 1024px) 100vw, 1024px\" \/><\/figure>\n\n\n\n<figure class=\"wp-block-image size-large\"><img loading=\"lazy\" decoding=\"async\" width=\"1024\" height=\"737\" src=\"https:\/\/blogdoedvaldomagalhaes.com.br\/wp-content\/uploads\/2020\/07\/IMG-20200723-WA0167-1024x737.jpg\" alt=\"\" class=\"wp-image-59173\" srcset=\"https:\/\/blogdoedvaldomagalhaes.com.br\/wp-content\/uploads\/2020\/07\/IMG-20200723-WA0167-1024x737.jpg 1024w, https:\/\/blogdoedvaldomagalhaes.com.br\/wp-content\/uploads\/2020\/07\/IMG-20200723-WA0167-300x216.jpg 300w, https:\/\/blogdoedvaldomagalhaes.com.br\/wp-content\/uploads\/2020\/07\/IMG-20200723-WA0167-768x552.jpg 768w, https:\/\/blogdoedvaldomagalhaes.com.br\/wp-content\/uploads\/2020\/07\/IMG-20200723-WA0167.jpg 1151w\" sizes=\"auto, (max-width: 1024px) 100vw, 1024px\" \/><figcaption>Informa\u00e7\u00f5es e fotos: Assessoria de Comunica\u00e7\u00e3o<\/figcaption><\/figure>\n","protected":false},"excerpt":{"rendered":"<p>Um senhor de 92 anos e outro de 40 deram exemplo de supera\u00e7\u00e3o e emocionaram, na manh\u00e3 de hoje (23),&hellip;<\/p>\n","protected":false},"author":1,"featured_media":59171,"comment_status":"open","ping_status":"open","sticky":false,"template":"","format":"standard","meta":{"footnotes":""},"categories":[14120],"tags":[2,17948,18994],"class_list":["post-59170","post","type-post","status-publish","format-standard","has-post-thumbnail","hentry","category-noticias","tag-blog-do-edvaldo-magalhaes","tag-coronavirus-2","tag-pacientes-recurados-da-covid-19-recebem-alta-em-taquaritinga-do-norte-veja"],"_links":{"self":[{"href":"https:\/\/blogdoedvaldomagalhaes.com.br\/index.php\/wp-json\/wp\/v2\/posts\/59170","targetHints":{"allow":["GET"]}}],"collection":[{"href":"https:\/\/blogdoedvaldomagalhaes.com.br\/index.php\/wp-json\/wp\/v2\/posts"}],"about":[{"href":"https:\/\/blogdoedvaldomagalhaes.com.br\/index.php\/wp-json\/wp\/v2\/types\/post"}],"author":[{"embeddable":true,"href":"https:\/\/blogdoedvaldomagalhaes.com.br\/index.php\/wp-json\/wp\/v2\/users\/1"}],"replies":[{"embeddable":true,"href":"https:\/\/blogdoedvaldomagalhaes.com.br\/index.php\/wp-json\/wp\/v2\/comments?post=59170"}],"version-history":[{"count":1,"href":"https:\/\/blogdoedvaldomagalhaes.com.br\/index.php\/wp-json\/wp\/v2\/posts\/59170\/revisions"}],"predecessor-version":[{"id":59174,"href":"https:\/\/blogdoedvaldomagalhaes.com.br\/index.php\/wp-json\/wp\/v2\/posts\/59170\/revisions\/59174"}],"wp:featuredmedia":[{"embeddable":true,"href":"https:\/\/blogdoedvaldomagalhaes.com.br\/index.php\/wp-json\/wp\/v2\/media\/59171"}],"wp:attachment":[{"href":"https:\/\/blogdoedvaldomagalhaes.com.br\/index.php\/wp-json\/wp\/v2\/media?parent=59170"}],"wp:term":[{"taxonomy":"category","embeddable":true,"href":"https:\/\/blogdoedvaldomagalhaes.com.br\/index.php\/wp-json\/wp\/v2\/categories?post=59170"},{"taxonomy":"post_tag","embeddable":true,"href":"https:\/\/blogdoedvaldomagalhaes.com.br\/index.php\/wp-json\/wp\/v2\/tags?post=59170"}],"curies":[{"name":"wp","href":"https:\/\/api.w.org\/{rel}","templated":true}]}}