{"id":59166,"date":"2020-07-23T19:44:09","date_gmt":"2020-07-23T22:44:09","guid":{"rendered":"https:\/\/blogdoedvaldomagalhaes.com.br\/?p=59166"},"modified":"2020-07-23T19:44:18","modified_gmt":"2020-07-23T22:44:18","slug":"secretaria-de-saude-de-caruaru-divulga-mais-93-casos-de-covid-19-e-mais-3-obitos","status":"publish","type":"post","link":"https:\/\/blogdoedvaldomagalhaes.com.br\/index.php\/2020\/07\/23\/secretaria-de-saude-de-caruaru-divulga-mais-93-casos-de-covid-19-e-mais-3-obitos\/","title":{"rendered":"Secretaria de Sa\u00fade de Caruaru divulga mais 93 casos de Covid-19 e mais 3 \u00f3bitos"},"content":{"rendered":"<p style=\"text-align: justify;\">Em 24 horas, Caruaru contabilizou 93 novos casos de covid-19, incluindo tr\u00eas \u00f3bitos. De acordo com boletim da Secretaria Municipal de Sa\u00fade, divulgado na noite desta quinta-feira (23), as mortes foram de dois homens e uma mulher, com idades de 70 e 77 anos e ocorreram nos dias 18 e 19 de julho.<\/p>\n<p style=\"text-align: justify;\">Com os dados atualizados, Caruaru soma agora 3.850 casos confirmados de coronav\u00edrus e 211 mortes. Outros 8 \u00f3bitos e 695 casos est\u00e3o em investiga\u00e7\u00e3o. J\u00e1 foram descartados 4.879 casos e 3.407 pacientes foram recuperados da doen\u00e7a.<\/p>\n<p style=\"text-align: justify;\">Nesta sexta-feira (24), o Hospital de Campanha, instalado no p\u00e1tio do Hospital Mestre Vitalino (HMV), ir\u00e1 abrir 30 novos leitos de enfermaria. Com esta a\u00e7\u00e3o de abertura, passar\u00e1 a contar com 60 leitos de enfermaria e 20 de Unidade de Terapia Intensiva (UTI).<\/p>\n<p style=\"text-align: justify;\">At\u00e9 o momento o Hospital de Campanha atendeu 178 pacientes, destes 107 com casos confirmados da doen\u00e7a. Com esta autoriza\u00e7\u00e3o do Governo do Estado para a amplia\u00e7\u00e3o, a unidade possibilitar\u00e1 o atendimento de mais pacientes.<\/p>\n\n\n<figure class=\"wp-block-image size-large\"><img loading=\"lazy\" decoding=\"async\" width=\"1024\" height=\"1024\" src=\"https:\/\/blogdoedvaldomagalhaes.com.br\/wp-content\/uploads\/2020\/07\/IMG-20200723-WA0196-1024x1024.jpg\" alt=\"\" class=\"wp-image-59167\" srcset=\"https:\/\/blogdoedvaldomagalhaes.com.br\/wp-content\/uploads\/2020\/07\/IMG-20200723-WA0196-1024x1024.jpg 1024w, https:\/\/blogdoedvaldomagalhaes.com.br\/wp-content\/uploads\/2020\/07\/IMG-20200723-WA0196-300x300.jpg 300w, https:\/\/blogdoedvaldomagalhaes.com.br\/wp-content\/uploads\/2020\/07\/IMG-20200723-WA0196-150x150.jpg 150w, https:\/\/blogdoedvaldomagalhaes.com.br\/wp-content\/uploads\/2020\/07\/IMG-20200723-WA0196-768x768.jpg 768w, https:\/\/blogdoedvaldomagalhaes.com.br\/wp-content\/uploads\/2020\/07\/IMG-20200723-WA0196.jpg 1280w\" sizes=\"auto, (max-width: 1024px) 100vw, 1024px\" \/><\/figure>\n","protected":false},"excerpt":{"rendered":"<p>Em 24 horas, Caruaru contabilizou 93 novos casos de covid-19, incluindo tr\u00eas \u00f3bitos. De acordo com boletim da Secretaria Municipal&hellip;<\/p>\n","protected":false},"author":1,"featured_media":59168,"comment_status":"open","ping_status":"open","sticky":false,"template":"","format":"standard","meta":{"footnotes":""},"categories":[14120],"tags":[16881,18993],"class_list":["post-59166","post","type-post","status-publish","format-standard","has-post-thumbnail","hentry","category-noticias","tag-caruaru-e-regiao","tag-secretaria-de-saude-de-caruaru-divulga-mais-93-casos-de-covid-19-e-mais-3-obitos"],"_links":{"self":[{"href":"https:\/\/blogdoedvaldomagalhaes.com.br\/index.php\/wp-json\/wp\/v2\/posts\/59166","targetHints":{"allow":["GET"]}}],"collection":[{"href":"https:\/\/blogdoedvaldomagalhaes.com.br\/index.php\/wp-json\/wp\/v2\/posts"}],"about":[{"href":"https:\/\/blogdoedvaldomagalhaes.com.br\/index.php\/wp-json\/wp\/v2\/types\/post"}],"author":[{"embeddable":true,"href":"https:\/\/blogdoedvaldomagalhaes.com.br\/index.php\/wp-json\/wp\/v2\/users\/1"}],"replies":[{"embeddable":true,"href":"https:\/\/blogdoedvaldomagalhaes.com.br\/index.php\/wp-json\/wp\/v2\/comments?post=59166"}],"version-history":[{"count":1,"href":"https:\/\/blogdoedvaldomagalhaes.com.br\/index.php\/wp-json\/wp\/v2\/posts\/59166\/revisions"}],"predecessor-version":[{"id":59169,"href":"https:\/\/blogdoedvaldomagalhaes.com.br\/index.php\/wp-json\/wp\/v2\/posts\/59166\/revisions\/59169"}],"wp:featuredmedia":[{"embeddable":true,"href":"https:\/\/blogdoedvaldomagalhaes.com.br\/index.php\/wp-json\/wp\/v2\/media\/59168"}],"wp:attachment":[{"href":"https:\/\/blogdoedvaldomagalhaes.com.br\/index.php\/wp-json\/wp\/v2\/media?parent=59166"}],"wp:term":[{"taxonomy":"category","embeddable":true,"href":"https:\/\/blogdoedvaldomagalhaes.com.br\/index.php\/wp-json\/wp\/v2\/categories?post=59166"},{"taxonomy":"post_tag","embeddable":true,"href":"https:\/\/blogdoedvaldomagalhaes.com.br\/index.php\/wp-json\/wp\/v2\/tags?post=59166"}],"curies":[{"name":"wp","href":"https:\/\/api.w.org\/{rel}","templated":true}]}}