{"id":59163,"date":"2020-07-23T19:27:59","date_gmt":"2020-07-23T22:27:59","guid":{"rendered":"https:\/\/blogdoedvaldomagalhaes.com.br\/?p=59163"},"modified":"2020-07-23T21:05:07","modified_gmt":"2020-07-24T00:05:07","slug":"duplo-homicidio-na-zona-rural-de-caruaru-jovens-sao-mortos-a-tiros","status":"publish","type":"post","link":"https:\/\/blogdoedvaldomagalhaes.com.br\/index.php\/2020\/07\/23\/duplo-homicidio-na-zona-rural-de-caruaru-jovens-sao-mortos-a-tiros\/","title":{"rendered":"Duplo homicidio na zona rural de Caruaru: Jovens s\u00e3o mortos a tiros"},"content":{"rendered":"<p style=\"text-align: justify;\">Os crimes de morte ocorreram no final da tarde desta quinta-feira (23), na estrada do S\u00edtio Malhada de Pedras, zona rural de Caruaru. As v\u00edtimas foram <span style=\"text-decoration: underline;\">Jos\u00e9 Manoel Silva dos Santos J\u00fanior, conhecido como &#8220;J\u00fanior Oi\u00e3o&#8221;, de 31 anos de idade, passou dois anos na Penitenci\u00e1ria Juiz Pl\u00e1cido de Souza, e Rafael Rufino Bezerra, 28 anos, ambos j\u00e1<\/span> foram presos acusados de tr\u00e1fico de drogas, assassinados com v\u00e1rios disparos de arma de fogo.<\/p>\n<p style=\"text-align: justify;\">As v\u00edtimas estavam em uma motocicleta quando foram executadas. A Pol\u00edcia Militar fez o isolamento do local. Ap\u00f3s per\u00edcia, os corpos ser\u00e3o encaminhados para o Instituto de Medicina Legal (IML).<\/p>\n<p style=\"text-align: justify;\">Com este duplo homic\u00eddio, sobe para\u00a0<strong>10<\/strong>\u00a0o n\u00famero de pessoas assassinadas no m\u00eas de julho em Caruaru e para\u00a0<strong>79<\/strong>\u00a0neste ano de 2020.<\/p>\n","protected":false},"excerpt":{"rendered":"<p>Os crimes de morte ocorreram no final da tarde desta quinta-feira (23), na estrada do S\u00edtio Malhada de Pedras, zona&hellip;<\/p>\n","protected":false},"author":1,"featured_media":59164,"comment_status":"open","ping_status":"open","sticky":false,"template":"","format":"standard","meta":{"footnotes":""},"categories":[14121],"tags":[2,16881,18991,18992],"class_list":["post-59163","post","type-post","status-publish","format-standard","has-post-thumbnail","hentry","category-policial","tag-blog-do-edvaldo-magalhaes","tag-caruaru-e-regiao","tag-duplo-homicidio-na-zona-rural-de-caruaru-jovens-sao-mortos-a-tiros","tag-malhada-de-pedras"],"_links":{"self":[{"href":"https:\/\/blogdoedvaldomagalhaes.com.br\/index.php\/wp-json\/wp\/v2\/posts\/59163","targetHints":{"allow":["GET"]}}],"collection":[{"href":"https:\/\/blogdoedvaldomagalhaes.com.br\/index.php\/wp-json\/wp\/v2\/posts"}],"about":[{"href":"https:\/\/blogdoedvaldomagalhaes.com.br\/index.php\/wp-json\/wp\/v2\/types\/post"}],"author":[{"embeddable":true,"href":"https:\/\/blogdoedvaldomagalhaes.com.br\/index.php\/wp-json\/wp\/v2\/users\/1"}],"replies":[{"embeddable":true,"href":"https:\/\/blogdoedvaldomagalhaes.com.br\/index.php\/wp-json\/wp\/v2\/comments?post=59163"}],"version-history":[{"count":2,"href":"https:\/\/blogdoedvaldomagalhaes.com.br\/index.php\/wp-json\/wp\/v2\/posts\/59163\/revisions"}],"predecessor-version":[{"id":59180,"href":"https:\/\/blogdoedvaldomagalhaes.com.br\/index.php\/wp-json\/wp\/v2\/posts\/59163\/revisions\/59180"}],"wp:featuredmedia":[{"embeddable":true,"href":"https:\/\/blogdoedvaldomagalhaes.com.br\/index.php\/wp-json\/wp\/v2\/media\/59164"}],"wp:attachment":[{"href":"https:\/\/blogdoedvaldomagalhaes.com.br\/index.php\/wp-json\/wp\/v2\/media?parent=59163"}],"wp:term":[{"taxonomy":"category","embeddable":true,"href":"https:\/\/blogdoedvaldomagalhaes.com.br\/index.php\/wp-json\/wp\/v2\/categories?post=59163"},{"taxonomy":"post_tag","embeddable":true,"href":"https:\/\/blogdoedvaldomagalhaes.com.br\/index.php\/wp-json\/wp\/v2\/tags?post=59163"}],"curies":[{"name":"wp","href":"https:\/\/api.w.org\/{rel}","templated":true}]}}