{"id":5915,"date":"2017-05-21T20:08:00","date_gmt":"2017-05-21T23:08:00","guid":{"rendered":"http:\/\/blogdoedvaldomagalhaes.com.br\/index.php\/2017\/05\/21\/morre-no-hra-autonomo-baleado-na-favela\/"},"modified":"2019-02-09T01:27:46","modified_gmt":"2019-02-09T03:27:46","slug":"morre-no-hra-autonomo-baleado-na-favela","status":"publish","type":"post","link":"https:\/\/blogdoedvaldomagalhaes.com.br\/index.php\/2017\/05\/21\/morre-no-hra-autonomo-baleado-na-favela\/","title":{"rendered":"Morre no HRA aut\u00f4nomo baleado na Favela Portelinha de Caruaru"},"content":{"rendered":"<div class=\"separator\" style=\"clear: both; text-align: center;\">\n<a href=\"https:\/\/2.bp.blogspot.com\/-ZyOQn9HlYHw\/WSHy7gNIrEI\/AAAAAAAAV7g\/qNX9uKqNKAwI1xw8j_ypUiP_d8Mo2KtfgCLcB\/s1600\/hra.JPG\" imageanchor=\"1\" style=\"margin-left: 1em; margin-right: 1em;\"><img loading=\"lazy\" decoding=\"async\" border=\"0\" height=\"300\" src=\"http:\/\/blogdoedvaldomagalhaes.com.br\/wp-content\/uploads\/2017\/05\/hra-2.jpg\" width=\"400\" \/><\/a><\/div>\n<p><\/p>\n<div class=\"MsoNormal\" style=\"text-align: justify;\">\nO aut\u00f4nomo Admilson Ramos da Silva, 48 anos, que morava na rua Feira de Santana, no bairro Santa Rosa, foi assassinado na noite<br \/>\ndesse s\u00e1bado (20) em Caruaru. Ele foi atingido por<br \/>\ncinco disparos de arma de fogo pr\u00f3ximo a Favela Portelinha. Ele possu\u00eda uma<br \/>\nf\u00e1brica de blocos de laje por tr\u00e1s da Secret\u00e1ria de Educa\u00e7\u00e3o.<\/div>\n<div class=\"MsoNormal\" style=\"text-align: justify;\">\n<\/div>\n<div class=\"MsoNormal\" style=\"text-align: justify;\">\nFamiliares disseram que o<br \/>\nfilho dele o chamou para ir a esse local, onde ele foi baleado e n\u00e3o sabem o<br \/>\nque ele foi fazer ali, possivelmente o jovem pode ter se envolvido em alguma<br \/>\nconfus\u00e3o e ele foi tomar satisfa\u00e7\u00f5es quando foi baleado, os pr\u00f3prios familiares<br \/>\no socorreram ao Hospital Regional do Agreste, onde ele chegou consciente, mas<br \/>\nteve uma piora no quadro cl\u00ednico e faleceu em seguida.<\/div>\n<p><\/p>\n<div class=\"MsoNormal\" style=\"text-align: justify;\">\n<\/div>\n<div class=\"separator\" style=\"clear: both; text-align: center;\">\n<a href=\"https:\/\/3.bp.blogspot.com\/-rPWXx54VUGc\/WSHy8kMpihI\/AAAAAAAAV7k\/yz-6B3JzrQs5rMzgdgtKmXPTz8XXItlFgCLcB\/s1600\/vitima.jpeg\" imageanchor=\"1\" style=\"margin-left: 1em; margin-right: 1em;\"><img loading=\"lazy\" decoding=\"async\" border=\"0\" height=\"400\" src=\"http:\/\/blogdoedvaldomagalhaes.com.br\/wp-content\/uploads\/2017\/05\/vitima.jpeg\" width=\"297\" \/><\/a><\/div>\n<div class=\"separator\" style=\"clear: both; text-align: center;\">\n<\/div>\n<div class=\"MsoNormal\" style=\"text-align: justify;\">\nEste foi o 19\u00ba assassinato<br \/>\ndo m\u00eas de maio e o 120\u00ba do ano de 2017 em Caruaru.<\/p>\n<p>Informa\u00e7\u00f5es e fotos: Adielson Galv\u00e3o.<\/p>\n<p><\/p>\n<div class=\"separator\" style=\"clear: both; text-align: center;\">\n<a href=\"http:\/\/blogdoedvaldomagalhaes.com.br\/wp-content\/uploads\/2017\/05\/2-SISMUC-18.jpg\" imageanchor=\"1\" style=\"clear: left; float: left; margin-bottom: 1em; margin-right: 1em;\"><img decoding=\"async\" border=\"0\" src=\"http:\/\/blogdoedvaldomagalhaes.com.br\/wp-content\/uploads\/2017\/05\/2-SISMUC-18.jpg\" \/><\/a><\/div>\n<p><\/div>\n<p><\/p>\n","protected":false},"excerpt":{"rendered":"<p>O aut\u00f4nomo Admilson Ramos da Silva, 48 anos, que morava na rua Feira de Santana, no bairro Santa Rosa, foi&hellip;<\/p>\n","protected":false},"author":1,"featured_media":0,"comment_status":"open","ping_status":"open","sticky":false,"template":"","format":"standard","meta":{"footnotes":""},"categories":[1],"tags":[2,7943,13],"class_list":["post-5915","post","type-post","status-publish","format-standard","hentry","category-sem-categoria","tag-blog-do-edvaldo-magalhaes","tag-morre-no-hra-autonomo-baleado-na-favela-portelinha-de-caruaru","tag-policial"],"_links":{"self":[{"href":"https:\/\/blogdoedvaldomagalhaes.com.br\/index.php\/wp-json\/wp\/v2\/posts\/5915","targetHints":{"allow":["GET"]}}],"collection":[{"href":"https:\/\/blogdoedvaldomagalhaes.com.br\/index.php\/wp-json\/wp\/v2\/posts"}],"about":[{"href":"https:\/\/blogdoedvaldomagalhaes.com.br\/index.php\/wp-json\/wp\/v2\/types\/post"}],"author":[{"embeddable":true,"href":"https:\/\/blogdoedvaldomagalhaes.com.br\/index.php\/wp-json\/wp\/v2\/users\/1"}],"replies":[{"embeddable":true,"href":"https:\/\/blogdoedvaldomagalhaes.com.br\/index.php\/wp-json\/wp\/v2\/comments?post=5915"}],"version-history":[{"count":1,"href":"https:\/\/blogdoedvaldomagalhaes.com.br\/index.php\/wp-json\/wp\/v2\/posts\/5915\/revisions"}],"predecessor-version":[{"id":19958,"href":"https:\/\/blogdoedvaldomagalhaes.com.br\/index.php\/wp-json\/wp\/v2\/posts\/5915\/revisions\/19958"}],"wp:attachment":[{"href":"https:\/\/blogdoedvaldomagalhaes.com.br\/index.php\/wp-json\/wp\/v2\/media?parent=5915"}],"wp:term":[{"taxonomy":"category","embeddable":true,"href":"https:\/\/blogdoedvaldomagalhaes.com.br\/index.php\/wp-json\/wp\/v2\/categories?post=5915"},{"taxonomy":"post_tag","embeddable":true,"href":"https:\/\/blogdoedvaldomagalhaes.com.br\/index.php\/wp-json\/wp\/v2\/tags?post=5915"}],"curies":[{"name":"wp","href":"https:\/\/api.w.org\/{rel}","templated":true}]}}