{"id":59146,"date":"2020-07-23T09:57:55","date_gmt":"2020-07-23T12:57:55","guid":{"rendered":"https:\/\/blogdoedvaldomagalhaes.com.br\/?p=59146"},"modified":"2020-07-23T09:57:58","modified_gmt":"2020-07-23T12:57:58","slug":"morre-vitima-de-covid-19-mario-afonso-advogado-e-conselheiro-do-central","status":"publish","type":"post","link":"https:\/\/blogdoedvaldomagalhaes.com.br\/index.php\/2020\/07\/23\/morre-vitima-de-covid-19-mario-afonso-advogado-e-conselheiro-do-central\/","title":{"rendered":"Morre v\u00edtima de Covid-19 M\u00e1rio Afonso advogado e conselheiro do Central"},"content":{"rendered":"<p style=\"text-align: justify;\"><span style=\"font-size: inherit;\">O Central Sport Club lamenta profundamente o falecimento aos 61 anos, do advogado M\u00e1rio Afonso, ocorrido na noite dessa quarta-feira (22), na Capital Pernambucana.<\/span><\/p>\n<p style=\"text-align: justify;\">Grande abnegado e torcedor fan\u00e1tico na hist\u00f3ria centen\u00e1ria do Alvinegro Caruaruense, M\u00e1rio Afonso exerceu a fun\u00e7\u00e3o de vice-presidente do Conselho Deliberativo na gest\u00e3o passada e atualmente, ocupava o cargo de secret\u00e1rio do Conselho Deliberativo do clube.<\/p>\n<p style=\"text-align: justify;\">Todos que fazem a institui\u00e7\u00e3o Central Sport Club prestam as devidas homenagens e condol\u00eancias aos familiares e amigos do eterno Centralino M\u00e1rio Afonso.<\/p>\n<p style=\"text-align: justify;\">O Central Sport Club decreta luto oficial de tr\u00eas dias.<\/p>\n","protected":false},"excerpt":{"rendered":"<p>O Central Sport Club lamenta profundamente o falecimento aos 61 anos, do advogado M\u00e1rio Afonso, ocorrido na noite dessa quarta-feira&hellip;<\/p>\n","protected":false},"author":1,"featured_media":59147,"comment_status":"open","ping_status":"open","sticky":false,"template":"","format":"standard","meta":{"footnotes":""},"categories":[14124],"tags":[2,16881,2954,18990],"class_list":["post-59146","post","type-post","status-publish","format-standard","has-post-thumbnail","hentry","category-centralsc","tag-blog-do-edvaldo-magalhaes","tag-caruaru-e-regiao","tag-central-sport-club","tag-morre-vitima-de-covid-19-mario-afonso-advogado-e-conselheiro-do-central"],"_links":{"self":[{"href":"https:\/\/blogdoedvaldomagalhaes.com.br\/index.php\/wp-json\/wp\/v2\/posts\/59146","targetHints":{"allow":["GET"]}}],"collection":[{"href":"https:\/\/blogdoedvaldomagalhaes.com.br\/index.php\/wp-json\/wp\/v2\/posts"}],"about":[{"href":"https:\/\/blogdoedvaldomagalhaes.com.br\/index.php\/wp-json\/wp\/v2\/types\/post"}],"author":[{"embeddable":true,"href":"https:\/\/blogdoedvaldomagalhaes.com.br\/index.php\/wp-json\/wp\/v2\/users\/1"}],"replies":[{"embeddable":true,"href":"https:\/\/blogdoedvaldomagalhaes.com.br\/index.php\/wp-json\/wp\/v2\/comments?post=59146"}],"version-history":[{"count":1,"href":"https:\/\/blogdoedvaldomagalhaes.com.br\/index.php\/wp-json\/wp\/v2\/posts\/59146\/revisions"}],"predecessor-version":[{"id":59148,"href":"https:\/\/blogdoedvaldomagalhaes.com.br\/index.php\/wp-json\/wp\/v2\/posts\/59146\/revisions\/59148"}],"wp:featuredmedia":[{"embeddable":true,"href":"https:\/\/blogdoedvaldomagalhaes.com.br\/index.php\/wp-json\/wp\/v2\/media\/59147"}],"wp:attachment":[{"href":"https:\/\/blogdoedvaldomagalhaes.com.br\/index.php\/wp-json\/wp\/v2\/media?parent=59146"}],"wp:term":[{"taxonomy":"category","embeddable":true,"href":"https:\/\/blogdoedvaldomagalhaes.com.br\/index.php\/wp-json\/wp\/v2\/categories?post=59146"},{"taxonomy":"post_tag","embeddable":true,"href":"https:\/\/blogdoedvaldomagalhaes.com.br\/index.php\/wp-json\/wp\/v2\/tags?post=59146"}],"curies":[{"name":"wp","href":"https:\/\/api.w.org\/{rel}","templated":true}]}}