{"id":59141,"date":"2020-07-23T08:13:33","date_gmt":"2020-07-23T11:13:33","guid":{"rendered":"https:\/\/blogdoedvaldomagalhaes.com.br\/?p=59141"},"modified":"2020-07-23T14:56:25","modified_gmt":"2020-07-23T17:56:25","slug":"policia-civil-deflagra-operacao-em-caruaru-e-outras-5-cidades-para-prender-grupo-criminoso","status":"publish","type":"post","link":"https:\/\/blogdoedvaldomagalhaes.com.br\/index.php\/2020\/07\/23\/policia-civil-deflagra-operacao-em-caruaru-e-outras-5-cidades-para-prender-grupo-criminoso\/","title":{"rendered":"Pol\u00edcia Civil deflagra opera\u00e7\u00e3o em Caruaru e outras 5 cidades para prender grupo criminoso"},"content":{"rendered":"<p style=\"text-align: justify;\">A Pol\u00edcia Civil de Pernambuco deflagrou, nesta quinta-feira (23) a Opera\u00e7\u00e3o Ex\u00edcio, com o objetivo de prender integrantes do PCC suspeitos de pr\u00e1ticas criminosas no Agreste de Pernambuco.<\/p>\n<p style=\"text-align: justify;\">A opera\u00e7\u00e3o ocorre nas cidades de Recife, Caruaru, Surubim, Casinhas, Limoeiro e Itaquitinga, al\u00e9m de localidades nos estados da Bahia e S\u00e3o Paulo.<\/p>\n<p style=\"text-align: justify;\">As investiga\u00e7\u00f5es foram realizadas ao longo de 1 ano e 2 meses, com o objetivo de prender integrantes do PCC atuantes nos munic\u00edpios pernambucanos de Surubim, Casinhas e Macaparana, respons\u00e1vel pela pr\u00e1tica dos crimes de homic\u00eddios qualificados, organiza\u00e7\u00e3o criminosa, associa\u00e7\u00e3o para o tr\u00e1fico il\u00edcito de entorpecentes, corrup\u00e7\u00e3o de menores e posse ou porte ilegal de armas de fogo de uso restrito.<\/p>\n<p style=\"text-align: justify;\">Os integrantes da organiza\u00e7\u00e3o criminosa t\u00eam envolvimento com o homic\u00eddio do Comiss\u00e1rio de Pol\u00edcia Civil Jos\u00e9 Rog\u00e9rio Duarte Batista, ocorrido no \u00faltimo dia 30 de maio, em Surubim.<\/p>\n<p style=\"text-align: justify;\">Durante a opera\u00e7\u00e3o est\u00e3o sendo cumpridos 30 mandados de pris\u00e3o e 14 mandados de busca e apreens\u00e3o domiciliar, expedidos por ju\u00edzes especialmente designados pelo Tribunal de Justi\u00e7a de Pernambuco, mediante parecer favor\u00e1vel de promotores designados pelo procurador-geral do Minist\u00e9rio P\u00fablico.<\/p>\n<p style=\"text-align: justify;\">Na execu\u00e7\u00e3o da opera\u00e7\u00e3o, foram empregados cerca de 140 policiais civis, entre delegados, agentes e escriv\u00e3es.<\/p>\n<p style=\"text-align: justify;\">Atuam ainda equipes do Grupamento T\u00e1tico A\u00e9reo &#8211; GTA e CORE. A opera\u00e7\u00e3o conta tamb\u00e9m com a colabora\u00e7\u00e3o das Pol\u00edcias Civis da Bahia e de S\u00e3o Paulo.<\/p>\n<p style=\"text-align: justify;\">Na Bahia os policiais civis daquele estado foram prender o Josias Santos de Santana, vulgo \u201cJ\u00f3\u201d ou \u201cPinto\u201d de 32 anos, que morreu numa troca de tiros com os policiais. Josias \u00e9 apontado como l\u00edder da quadrilha que comandava o tr\u00e1fico de drogas na regi\u00e3o de Surubim.<\/p>\n<p style=\"text-align: justify;\">As investiga\u00e7\u00f5es foram assessoradas pela Diretoria de Intelig\u00eancia da Pol\u00edcia Civil de Pernambuco &#8211; DINTEL.<\/p>\n<p style=\"text-align: justify;\">A opera\u00e7\u00e3o ocorre sob o comando do delegado Jean Pierry Brito.<\/p>\n\n\n<figure class=\"wp-block-image size-large\"><img loading=\"lazy\" decoding=\"async\" width=\"1024\" height=\"768\" src=\"https:\/\/blogdoedvaldomagalhaes.com.br\/wp-content\/uploads\/2020\/07\/Opera\u00e7\u00e3o.jpg\" alt=\"\" class=\"wp-image-59149\" srcset=\"https:\/\/blogdoedvaldomagalhaes.com.br\/wp-content\/uploads\/2020\/07\/Opera\u00e7\u00e3o.jpg 1024w, https:\/\/blogdoedvaldomagalhaes.com.br\/wp-content\/uploads\/2020\/07\/Opera\u00e7\u00e3o-300x225.jpg 300w, https:\/\/blogdoedvaldomagalhaes.com.br\/wp-content\/uploads\/2020\/07\/Opera\u00e7\u00e3o-768x576.jpg 768w, https:\/\/blogdoedvaldomagalhaes.com.br\/wp-content\/uploads\/2020\/07\/Opera\u00e7\u00e3o-160x120.jpg 160w\" sizes=\"auto, (max-width: 1024px) 100vw, 1024px\" \/><\/figure>\n\n\n\n<figure class=\"wp-block-image size-large\"><img loading=\"lazy\" decoding=\"async\" width=\"768\" height=\"1024\" src=\"https:\/\/blogdoedvaldomagalhaes.com.br\/wp-content\/uploads\/2020\/07\/IMG-20200723-WA0171.jpg\" alt=\"\" class=\"wp-image-59151\" srcset=\"https:\/\/blogdoedvaldomagalhaes.com.br\/wp-content\/uploads\/2020\/07\/IMG-20200723-WA0171.jpg 768w, https:\/\/blogdoedvaldomagalhaes.com.br\/wp-content\/uploads\/2020\/07\/IMG-20200723-WA0171-225x300.jpg 225w\" sizes=\"auto, (max-width: 768px) 100vw, 768px\" \/><\/figure>\n\n\n\n<figure class=\"wp-block-image size-large\"><img loading=\"lazy\" decoding=\"async\" width=\"1024\" height=\"768\" src=\"https:\/\/blogdoedvaldomagalhaes.com.br\/wp-content\/uploads\/2020\/07\/IMG-20200723-WA0170.jpg\" alt=\"\" class=\"wp-image-59152\" srcset=\"https:\/\/blogdoedvaldomagalhaes.com.br\/wp-content\/uploads\/2020\/07\/IMG-20200723-WA0170.jpg 1024w, https:\/\/blogdoedvaldomagalhaes.com.br\/wp-content\/uploads\/2020\/07\/IMG-20200723-WA0170-300x225.jpg 300w, https:\/\/blogdoedvaldomagalhaes.com.br\/wp-content\/uploads\/2020\/07\/IMG-20200723-WA0170-768x576.jpg 768w, https:\/\/blogdoedvaldomagalhaes.com.br\/wp-content\/uploads\/2020\/07\/IMG-20200723-WA0170-160x120.jpg 160w\" sizes=\"auto, (max-width: 1024px) 100vw, 1024px\" \/><\/figure>\n\n\n\n<figure class=\"wp-block-image size-large\"><img loading=\"lazy\" decoding=\"async\" width=\"768\" height=\"1024\" src=\"https:\/\/blogdoedvaldomagalhaes.com.br\/wp-content\/uploads\/2020\/07\/IMG-20200723-WA0161.jpg\" alt=\"\" class=\"wp-image-59154\" srcset=\"https:\/\/blogdoedvaldomagalhaes.com.br\/wp-content\/uploads\/2020\/07\/IMG-20200723-WA0161.jpg 768w, https:\/\/blogdoedvaldomagalhaes.com.br\/wp-content\/uploads\/2020\/07\/IMG-20200723-WA0161-225x300.jpg 225w\" sizes=\"auto, (max-width: 768px) 100vw, 768px\" \/><\/figure>\n\n\n\n<figure class=\"wp-block-image size-large\"><img loading=\"lazy\" decoding=\"async\" width=\"1024\" height=\"768\" src=\"https:\/\/blogdoedvaldomagalhaes.com.br\/wp-content\/uploads\/2020\/07\/IMG-20200723-WA0162.jpg\" alt=\"\" class=\"wp-image-59156\" srcset=\"https:\/\/blogdoedvaldomagalhaes.com.br\/wp-content\/uploads\/2020\/07\/IMG-20200723-WA0162.jpg 1024w, https:\/\/blogdoedvaldomagalhaes.com.br\/wp-content\/uploads\/2020\/07\/IMG-20200723-WA0162-300x225.jpg 300w, https:\/\/blogdoedvaldomagalhaes.com.br\/wp-content\/uploads\/2020\/07\/IMG-20200723-WA0162-768x576.jpg 768w, https:\/\/blogdoedvaldomagalhaes.com.br\/wp-content\/uploads\/2020\/07\/IMG-20200723-WA0162-160x120.jpg 160w\" sizes=\"auto, (max-width: 1024px) 100vw, 1024px\" \/><\/figure>\n\n\n\n<figure class=\"wp-block-image size-large\"><img loading=\"lazy\" decoding=\"async\" width=\"1024\" height=\"768\" src=\"https:\/\/blogdoedvaldomagalhaes.com.br\/wp-content\/uploads\/2020\/07\/IMG-20200723-WA0159-1024x768.jpg\" alt=\"\" class=\"wp-image-59158\" srcset=\"https:\/\/blogdoedvaldomagalhaes.com.br\/wp-content\/uploads\/2020\/07\/IMG-20200723-WA0159-1024x768.jpg 1024w, https:\/\/blogdoedvaldomagalhaes.com.br\/wp-content\/uploads\/2020\/07\/IMG-20200723-WA0159-300x225.jpg 300w, https:\/\/blogdoedvaldomagalhaes.com.br\/wp-content\/uploads\/2020\/07\/IMG-20200723-WA0159-768x576.jpg 768w, https:\/\/blogdoedvaldomagalhaes.com.br\/wp-content\/uploads\/2020\/07\/IMG-20200723-WA0159-160x120.jpg 160w, https:\/\/blogdoedvaldomagalhaes.com.br\/wp-content\/uploads\/2020\/07\/IMG-20200723-WA0159.jpg 1280w\" sizes=\"auto, (max-width: 1024px) 100vw, 1024px\" \/><figcaption>Delegado Herbert Martins; 16\u00b0 Desec, Eliane Gaia, coordenadora do GAOP do MPPE e do GACE; delegado Jean Rockfeller, diretor da Dinter 1; delegado Bruno Vital, GCOI 1; E O DELEGADO Jean Pierry Brito, titular da DP de Surubim<\/figcaption><\/figure>\n","protected":false},"excerpt":{"rendered":"<p>A Pol\u00edcia Civil de Pernambuco deflagrou, nesta quinta-feira (23) a Opera\u00e7\u00e3o Ex\u00edcio, com o objetivo de prender integrantes do PCC&hellip;<\/p>\n","protected":false},"author":1,"featured_media":59142,"comment_status":"open","ping_status":"open","sticky":false,"template":"","format":"standard","meta":{"footnotes":""},"categories":[14121],"tags":[2,16881,18989],"class_list":["post-59141","post","type-post","status-publish","format-standard","has-post-thumbnail","hentry","category-policial","tag-blog-do-edvaldo-magalhaes","tag-caruaru-e-regiao","tag-policia-civil-deflagra-operacao-em-caruaru-e-outras-5-cidades-para-prender-grupo-criminoso"],"_links":{"self":[{"href":"https:\/\/blogdoedvaldomagalhaes.com.br\/index.php\/wp-json\/wp\/v2\/posts\/59141","targetHints":{"allow":["GET"]}}],"collection":[{"href":"https:\/\/blogdoedvaldomagalhaes.com.br\/index.php\/wp-json\/wp\/v2\/posts"}],"about":[{"href":"https:\/\/blogdoedvaldomagalhaes.com.br\/index.php\/wp-json\/wp\/v2\/types\/post"}],"author":[{"embeddable":true,"href":"https:\/\/blogdoedvaldomagalhaes.com.br\/index.php\/wp-json\/wp\/v2\/users\/1"}],"replies":[{"embeddable":true,"href":"https:\/\/blogdoedvaldomagalhaes.com.br\/index.php\/wp-json\/wp\/v2\/comments?post=59141"}],"version-history":[{"count":8,"href":"https:\/\/blogdoedvaldomagalhaes.com.br\/index.php\/wp-json\/wp\/v2\/posts\/59141\/revisions"}],"predecessor-version":[{"id":59162,"href":"https:\/\/blogdoedvaldomagalhaes.com.br\/index.php\/wp-json\/wp\/v2\/posts\/59141\/revisions\/59162"}],"wp:featuredmedia":[{"embeddable":true,"href":"https:\/\/blogdoedvaldomagalhaes.com.br\/index.php\/wp-json\/wp\/v2\/media\/59142"}],"wp:attachment":[{"href":"https:\/\/blogdoedvaldomagalhaes.com.br\/index.php\/wp-json\/wp\/v2\/media?parent=59141"}],"wp:term":[{"taxonomy":"category","embeddable":true,"href":"https:\/\/blogdoedvaldomagalhaes.com.br\/index.php\/wp-json\/wp\/v2\/categories?post=59141"},{"taxonomy":"post_tag","embeddable":true,"href":"https:\/\/blogdoedvaldomagalhaes.com.br\/index.php\/wp-json\/wp\/v2\/tags?post=59141"}],"curies":[{"name":"wp","href":"https:\/\/api.w.org\/{rel}","templated":true}]}}