{"id":5914,"date":"2017-05-21T20:30:00","date_gmt":"2017-05-21T23:30:00","guid":{"rendered":"http:\/\/blogdoedvaldomagalhaes.com.br\/index.php\/2017\/05\/21\/forro-solidario-sera-realizado-sabado\/"},"modified":"2019-02-09T01:27:46","modified_gmt":"2019-02-09T03:27:46","slug":"forro-solidario-sera-realizado-sabado","status":"publish","type":"post","link":"https:\/\/blogdoedvaldomagalhaes.com.br\/index.php\/2017\/05\/21\/forro-solidario-sera-realizado-sabado\/","title":{"rendered":"Forr\u00f3 Solid\u00e1rio ser\u00e1 realizado s\u00e1bado (27) em Caruaru"},"content":{"rendered":"<div class=\"separator\" style=\"clear: both; text-align: center;\">\n<a href=\"https:\/\/3.bp.blogspot.com\/-3pGRTs2A0P0\/WSH3E4hm57I\/AAAAAAAAV74\/Fg1BB6xT2uIrl32oyKLkB6ErW462qT1AQCLcB\/s1600\/forr%25C3%25B3.jpg\" imageanchor=\"1\" style=\"margin-left: 1em; margin-right: 1em;\"><img loading=\"lazy\" decoding=\"async\" border=\"0\" height=\"215\" src=\"http:\/\/blogdoedvaldomagalhaes.com.br\/wp-content\/uploads\/2017\/05\/forrC3B3.jpg\" width=\"400\" \/><\/a><\/div>\n<div class=\"separator\" style=\"clear: both; text-align: justify;\">\n<\/div>\n<div class=\"separator\" style=\"clear: both; text-align: justify;\">\nO Grupo Santa Teresa D&#8217;\u00e1vila, realiza no pr\u00f3ximo dia 27 deste m\u00eas, mais um tradicional Forr\u00f3 Solid\u00e1rio. Este ano a festa vai acontecer na Sociedade de Medicina de Caruaru, a partir das 21h. A entrada custa R$ 80,00 reais. Toda renda ser\u00e1 revertida em prol dos idosos Vicentinos.&nbsp;<\/div>\n<div class=\"separator\" style=\"clear: both; text-align: justify;\">\n<\/div>\n<div class=\"separator\" style=\"clear: both; text-align: justify;\">\nQuem comparecer ter\u00e1 direito a refrigerantes, sucos, \u00e1gua de c\u00f4co e gelo (a bebida alco\u00f3lica poder\u00e1 ser levada pelo convidado ou comprada no local). Ser\u00e3o servidos v\u00e1rios tipos de salgadinhos, crepe e tapioca (de entrada). Jantar com Fil\u00e9 ao Molho Madeira, Arroz, Escondidinho e Sala Tropical. Mesa Junina com Pamonha, Canjica, Bolos de v\u00e1rios sabores, Doces, Cocadas, Pipocas, e muito mais. As atra\u00e7\u00f5es s\u00e3o o cantor Zaninha de S\u00e3o Bento do Una e a Banda Forr\u00f3 Demais ( antigo Forr\u00f3 Quent\u00e3o).<\/div>\n<div class=\"separator\" style=\"clear: both; text-align: justify;\">\n<\/div>\n<div class=\"separator\" style=\"clear: both; text-align: justify;\">\nAdquira j\u00e1 o seu convite, com um dos membros do Grupo, que s\u00e3o: dr. Paulo Sales\/F\u00e1tima Sales, dr. Cladisson\/Virginia, Roc\u00e9lio\/Geny Brito, dr. Zenaldo\/Hermelinda, dr. Walter Andrade\/L\u00facia,&nbsp;prof\u00ba Rubem\/Gilv\u00e2nia, Ivanildo\/Flauta, M\u00e1rcio Porto\/Vanuza, Arnaldo\/Josilete, Jos\u00e9 Wellington\/Rejane,&nbsp;Edvaldo Magalh\u00e3es\/Ana, Iraci Soares, Socorro Padilha, Gra\u00e7a e Nena.<\/div>\n<div class=\"separator\" style=\"clear: both; text-align: justify;\">\n<\/div>\n<div class=\"separator\" style=\"clear: both; text-align: center;\">\n<a href=\"http:\/\/blogdoedvaldomagalhaes.com.br\/wp-content\/uploads\/2017\/05\/ForrC3B3SolidC3A1rio-4.jpg\" imageanchor=\"1\" style=\"clear: left; float: left; margin-bottom: 1em; margin-right: 1em;\"><img decoding=\"async\" border=\"0\" src=\"http:\/\/blogdoedvaldomagalhaes.com.br\/wp-content\/uploads\/2017\/05\/ForrC3B3SolidC3A1rio-4.jpg\" \/><\/a><\/div>\n","protected":false},"excerpt":{"rendered":"<p>O Grupo Santa Teresa D&#8217;\u00e1vila, realiza no pr\u00f3ximo dia 27 deste m\u00eas, mais um tradicional Forr\u00f3 Solid\u00e1rio. Este ano a&hellip;<\/p>\n","protected":false},"author":1,"featured_media":0,"comment_status":"open","ping_status":"open","sticky":false,"template":"","format":"standard","meta":{"footnotes":""},"categories":[1],"tags":[7940,2,7941,6,7942],"class_list":["post-5914","post","type-post","status-publish","format-standard","hentry","category-sem-categoria","tag-banda-forro-demais","tag-blog-do-edvaldo-magalhaes","tag-forro-solidario-sera-realizado-sabado-27-em-caruaru","tag-noticias","tag-zaninha-de-sao-bento-do-una"],"_links":{"self":[{"href":"https:\/\/blogdoedvaldomagalhaes.com.br\/index.php\/wp-json\/wp\/v2\/posts\/5914","targetHints":{"allow":["GET"]}}],"collection":[{"href":"https:\/\/blogdoedvaldomagalhaes.com.br\/index.php\/wp-json\/wp\/v2\/posts"}],"about":[{"href":"https:\/\/blogdoedvaldomagalhaes.com.br\/index.php\/wp-json\/wp\/v2\/types\/post"}],"author":[{"embeddable":true,"href":"https:\/\/blogdoedvaldomagalhaes.com.br\/index.php\/wp-json\/wp\/v2\/users\/1"}],"replies":[{"embeddable":true,"href":"https:\/\/blogdoedvaldomagalhaes.com.br\/index.php\/wp-json\/wp\/v2\/comments?post=5914"}],"version-history":[{"count":1,"href":"https:\/\/blogdoedvaldomagalhaes.com.br\/index.php\/wp-json\/wp\/v2\/posts\/5914\/revisions"}],"predecessor-version":[{"id":19961,"href":"https:\/\/blogdoedvaldomagalhaes.com.br\/index.php\/wp-json\/wp\/v2\/posts\/5914\/revisions\/19961"}],"wp:attachment":[{"href":"https:\/\/blogdoedvaldomagalhaes.com.br\/index.php\/wp-json\/wp\/v2\/media?parent=5914"}],"wp:term":[{"taxonomy":"category","embeddable":true,"href":"https:\/\/blogdoedvaldomagalhaes.com.br\/index.php\/wp-json\/wp\/v2\/categories?post=5914"},{"taxonomy":"post_tag","embeddable":true,"href":"https:\/\/blogdoedvaldomagalhaes.com.br\/index.php\/wp-json\/wp\/v2\/tags?post=5914"}],"curies":[{"name":"wp","href":"https:\/\/api.w.org\/{rel}","templated":true}]}}