{"id":59134,"date":"2020-07-22T22:08:14","date_gmt":"2020-07-23T01:08:14","guid":{"rendered":"https:\/\/blogdoedvaldomagalhaes.com.br\/?p=59134"},"modified":"2020-07-22T22:51:07","modified_gmt":"2020-07-23T01:51:07","slug":"pernambuco-tem-mais-de-60-mil-recuperados-de-covid-19","status":"publish","type":"post","link":"https:\/\/blogdoedvaldomagalhaes.com.br\/index.php\/2020\/07\/22\/pernambuco-tem-mais-de-60-mil-recuperados-de-covid-19\/","title":{"rendered":"Pernambuco tem mais de 60 mil recuperados de Covid-19"},"content":{"rendered":"<p style=\"text-align: justify;\">Nesta quarta-feira (22\/03), Pernambuco atingiu a marca de 60.119 pessoas recuperadas da Covid-19, onde 1.298 foram computadas nas \u00faltimas 24 horas. Isso mostra que 73,8% do total de pernambucanos infectados pela doen\u00e7a j\u00e1 est\u00e3o curados. Entre eles, 48.457 pacientes tiveram sintomas leves, e 11.662 foram casos graves e precisaram de interna\u00e7\u00e3o hospitalar. O boletim de hoje tamb\u00e9m confirma 941 novos casos do Novo Coronav\u00edrus. Destes, 124 (13%) est\u00e3o classificados como Si\u0301ndrome Respirato\u0301ria Aguda Grave (Srag), portanto internados e\/ou mais graves, e 817 (87%) s\u00e3o casos leves. Ao todo, o Estado soma 81.382 confirma\u00e7\u00f5es (22.374 graves e 59.008 leves).<br \/>\n\u2800\u2800\u2800\u2800\u2800<br \/>\nTamb\u00e9m foram confirmadas, por exames, 63 novas mortes (sendo 33 homens e 30 mulheres). As mortes registradas no boletim de hoje ocorreram entre 12 de maio e 21 de julho. Do total, 35 (55,5%) ocorreram de 12\/05 a 18\/07. As outras 28 (44,5%) ocorreram nos \u00faltimos 3 dias, sendo 13 mortes no dia 19\/07, 11 no dia 20\/07 e 4 registradas em 21\/07. Com isso, o Estado totaliza 6.152 \u00f3bitos pela Covid-19.<br \/>\n\u2800\u2800<br \/>\nAt\u00e9 agora, os casos graves confirmados est\u00e3o distribu\u00eddos por 181 munic\u00edpios pernambucanos, al\u00e9m de Fernando de Noronha.<\/p>\n<p>Foto: Jos\u00e9 Dornelles.<\/p>\n","protected":false},"excerpt":{"rendered":"<p>Nesta quarta-feira (22\/03), Pernambuco atingiu a marca de 60.119 pessoas recuperadas da Covid-19, onde 1.298 foram computadas nas \u00faltimas 24&hellip;<\/p>\n","protected":false},"author":1,"featured_media":59135,"comment_status":"open","ping_status":"open","sticky":false,"template":"","format":"standard","meta":{"footnotes":""},"categories":[14120],"tags":[2,17948,18987],"class_list":["post-59134","post","type-post","status-publish","format-standard","has-post-thumbnail","hentry","category-noticias","tag-blog-do-edvaldo-magalhaes","tag-coronavirus-2","tag-pernambuco-tem-mais-de-60-mil-recuperados-de-covid-19"],"_links":{"self":[{"href":"https:\/\/blogdoedvaldomagalhaes.com.br\/index.php\/wp-json\/wp\/v2\/posts\/59134","targetHints":{"allow":["GET"]}}],"collection":[{"href":"https:\/\/blogdoedvaldomagalhaes.com.br\/index.php\/wp-json\/wp\/v2\/posts"}],"about":[{"href":"https:\/\/blogdoedvaldomagalhaes.com.br\/index.php\/wp-json\/wp\/v2\/types\/post"}],"author":[{"embeddable":true,"href":"https:\/\/blogdoedvaldomagalhaes.com.br\/index.php\/wp-json\/wp\/v2\/users\/1"}],"replies":[{"embeddable":true,"href":"https:\/\/blogdoedvaldomagalhaes.com.br\/index.php\/wp-json\/wp\/v2\/comments?post=59134"}],"version-history":[{"count":1,"href":"https:\/\/blogdoedvaldomagalhaes.com.br\/index.php\/wp-json\/wp\/v2\/posts\/59134\/revisions"}],"predecessor-version":[{"id":59136,"href":"https:\/\/blogdoedvaldomagalhaes.com.br\/index.php\/wp-json\/wp\/v2\/posts\/59134\/revisions\/59136"}],"wp:featuredmedia":[{"embeddable":true,"href":"https:\/\/blogdoedvaldomagalhaes.com.br\/index.php\/wp-json\/wp\/v2\/media\/59135"}],"wp:attachment":[{"href":"https:\/\/blogdoedvaldomagalhaes.com.br\/index.php\/wp-json\/wp\/v2\/media?parent=59134"}],"wp:term":[{"taxonomy":"category","embeddable":true,"href":"https:\/\/blogdoedvaldomagalhaes.com.br\/index.php\/wp-json\/wp\/v2\/categories?post=59134"},{"taxonomy":"post_tag","embeddable":true,"href":"https:\/\/blogdoedvaldomagalhaes.com.br\/index.php\/wp-json\/wp\/v2\/tags?post=59134"}],"curies":[{"name":"wp","href":"https:\/\/api.w.org\/{rel}","templated":true}]}}