{"id":59125,"date":"2020-07-22T21:06:55","date_gmt":"2020-07-23T00:06:55","guid":{"rendered":"https:\/\/blogdoedvaldomagalhaes.com.br\/?p=59125"},"modified":"2020-07-22T21:06:59","modified_gmt":"2020-07-23T00:06:59","slug":"duas-criancas-morrem-em-colisao-entre-moto-e-carro-na-br-424-em-caetes-pe","status":"publish","type":"post","link":"https:\/\/blogdoedvaldomagalhaes.com.br\/index.php\/2020\/07\/22\/duas-criancas-morrem-em-colisao-entre-moto-e-carro-na-br-424-em-caetes-pe\/","title":{"rendered":"Duas crian\u00e7as morrem em colis\u00e3o entre moto e carro na BR-424 em Caet\u00e9s-PE"},"content":{"rendered":"<p style=\"text-align: justify;\"><span style=\"font-size: inherit;\">Uma motocicleta ocupada por 4 pessoas (o condutor, uma mulher e duas crian\u00e7as) colidiu na traseira de um carro (Uno) ocupado por 2 pessoas. O uno saiu da pista e a moto tombou na rodovia.<\/span><\/p>\n<p style=\"text-align: justify;\">Um menino de 5 anos e uma menina sem identifica\u00e7\u00e3o (com idade aparente de 2 anos) faleceram no local. O condutor e a passageira da moto (m\u00e3e e padrasto das crian\u00e7as) ficaram feridos e foram socorridos para um hospital de Caet\u00e9s.<\/p>\n<p style=\"text-align: justify;\">O motorista e o passageiro do carro n\u00e3o se feriram. O motorista realizou o teste do baf\u00f4metro e o resultado foi normal.<\/p>\n<p style=\"text-align: justify;\">Al\u00e9m da PRF, a Pol\u00edcia Cient\u00edfica e a Pol\u00edcia Civil est\u00e3o no local. A Pol\u00edcia Civil vai investigar o caso.<\/p>\n\n\n<figure class=\"wp-block-image size-large\"><img loading=\"lazy\" decoding=\"async\" width=\"1024\" height=\"768\" src=\"https:\/\/blogdoedvaldomagalhaes.com.br\/wp-content\/uploads\/2020\/07\/IMG-20200722-WA0214-1024x768.jpg\" alt=\"\" class=\"wp-image-59127\" srcset=\"https:\/\/blogdoedvaldomagalhaes.com.br\/wp-content\/uploads\/2020\/07\/IMG-20200722-WA0214-1024x768.jpg 1024w, https:\/\/blogdoedvaldomagalhaes.com.br\/wp-content\/uploads\/2020\/07\/IMG-20200722-WA0214-300x225.jpg 300w, https:\/\/blogdoedvaldomagalhaes.com.br\/wp-content\/uploads\/2020\/07\/IMG-20200722-WA0214-768x576.jpg 768w, https:\/\/blogdoedvaldomagalhaes.com.br\/wp-content\/uploads\/2020\/07\/IMG-20200722-WA0214-160x120.jpg 160w, https:\/\/blogdoedvaldomagalhaes.com.br\/wp-content\/uploads\/2020\/07\/IMG-20200722-WA0214.jpg 1152w\" sizes=\"auto, (max-width: 1024px) 100vw, 1024px\" \/><\/figure>\n\n\n\n<figure class=\"wp-block-image size-large\"><img loading=\"lazy\" decoding=\"async\" width=\"768\" height=\"1024\" src=\"https:\/\/blogdoedvaldomagalhaes.com.br\/wp-content\/uploads\/2020\/07\/IMG-20200722-WA0217-768x1024.jpg\" alt=\"\" class=\"wp-image-59128\" srcset=\"https:\/\/blogdoedvaldomagalhaes.com.br\/wp-content\/uploads\/2020\/07\/IMG-20200722-WA0217-768x1024.jpg 768w, https:\/\/blogdoedvaldomagalhaes.com.br\/wp-content\/uploads\/2020\/07\/IMG-20200722-WA0217-225x300.jpg 225w, https:\/\/blogdoedvaldomagalhaes.com.br\/wp-content\/uploads\/2020\/07\/IMG-20200722-WA0217.jpg 864w\" sizes=\"auto, (max-width: 768px) 100vw, 768px\" \/><\/figure>\n\n\n\n<figure class=\"wp-block-image size-large\"><img loading=\"lazy\" decoding=\"async\" width=\"1024\" height=\"768\" src=\"https:\/\/blogdoedvaldomagalhaes.com.br\/wp-content\/uploads\/2020\/07\/IMG-20200722-WA0216-1024x768.jpg\" alt=\"\" class=\"wp-image-59129\" srcset=\"https:\/\/blogdoedvaldomagalhaes.com.br\/wp-content\/uploads\/2020\/07\/IMG-20200722-WA0216-1024x768.jpg 1024w, https:\/\/blogdoedvaldomagalhaes.com.br\/wp-content\/uploads\/2020\/07\/IMG-20200722-WA0216-300x225.jpg 300w, https:\/\/blogdoedvaldomagalhaes.com.br\/wp-content\/uploads\/2020\/07\/IMG-20200722-WA0216-768x576.jpg 768w, https:\/\/blogdoedvaldomagalhaes.com.br\/wp-content\/uploads\/2020\/07\/IMG-20200722-WA0216-160x120.jpg 160w, https:\/\/blogdoedvaldomagalhaes.com.br\/wp-content\/uploads\/2020\/07\/IMG-20200722-WA0216.jpg 1152w\" sizes=\"auto, (max-width: 1024px) 100vw, 1024px\" \/><figcaption>Fotos: PRF\/Divulga\u00e7\u00e3o<\/figcaption><\/figure>\n","protected":false},"excerpt":{"rendered":"<p>Uma motocicleta ocupada por 4 pessoas (o condutor, uma mulher e duas crian\u00e7as) colidiu na traseira de um carro (Uno)&hellip;<\/p>\n","protected":false},"author":1,"featured_media":59126,"comment_status":"open","ping_status":"open","sticky":false,"template":"","format":"standard","meta":{"footnotes":""},"categories":[14120],"tags":[2,16881],"class_list":["post-59125","post","type-post","status-publish","format-standard","has-post-thumbnail","hentry","category-noticias","tag-blog-do-edvaldo-magalhaes","tag-caruaru-e-regiao"],"_links":{"self":[{"href":"https:\/\/blogdoedvaldomagalhaes.com.br\/index.php\/wp-json\/wp\/v2\/posts\/59125","targetHints":{"allow":["GET"]}}],"collection":[{"href":"https:\/\/blogdoedvaldomagalhaes.com.br\/index.php\/wp-json\/wp\/v2\/posts"}],"about":[{"href":"https:\/\/blogdoedvaldomagalhaes.com.br\/index.php\/wp-json\/wp\/v2\/types\/post"}],"author":[{"embeddable":true,"href":"https:\/\/blogdoedvaldomagalhaes.com.br\/index.php\/wp-json\/wp\/v2\/users\/1"}],"replies":[{"embeddable":true,"href":"https:\/\/blogdoedvaldomagalhaes.com.br\/index.php\/wp-json\/wp\/v2\/comments?post=59125"}],"version-history":[{"count":1,"href":"https:\/\/blogdoedvaldomagalhaes.com.br\/index.php\/wp-json\/wp\/v2\/posts\/59125\/revisions"}],"predecessor-version":[{"id":59130,"href":"https:\/\/blogdoedvaldomagalhaes.com.br\/index.php\/wp-json\/wp\/v2\/posts\/59125\/revisions\/59130"}],"wp:featuredmedia":[{"embeddable":true,"href":"https:\/\/blogdoedvaldomagalhaes.com.br\/index.php\/wp-json\/wp\/v2\/media\/59126"}],"wp:attachment":[{"href":"https:\/\/blogdoedvaldomagalhaes.com.br\/index.php\/wp-json\/wp\/v2\/media?parent=59125"}],"wp:term":[{"taxonomy":"category","embeddable":true,"href":"https:\/\/blogdoedvaldomagalhaes.com.br\/index.php\/wp-json\/wp\/v2\/categories?post=59125"},{"taxonomy":"post_tag","embeddable":true,"href":"https:\/\/blogdoedvaldomagalhaes.com.br\/index.php\/wp-json\/wp\/v2\/tags?post=59125"}],"curies":[{"name":"wp","href":"https:\/\/api.w.org\/{rel}","templated":true}]}}