{"id":59120,"date":"2020-07-22T19:13:19","date_gmt":"2020-07-22T22:13:19","guid":{"rendered":"https:\/\/blogdoedvaldomagalhaes.com.br\/?p=59120"},"modified":"2020-07-22T19:13:27","modified_gmt":"2020-07-22T22:13:27","slug":"secretaria-de-saude-de-caruaru-divulga-mais-72-casos-de-covid-19-e-mais-4-obitos","status":"publish","type":"post","link":"https:\/\/blogdoedvaldomagalhaes.com.br\/index.php\/2020\/07\/22\/secretaria-de-saude-de-caruaru-divulga-mais-72-casos-de-covid-19-e-mais-4-obitos\/","title":{"rendered":"Secretaria de Sa\u00fade de Caruaru divulga mais 72 casos de Covid-19 e mais 4 \u00f3bitos"},"content":{"rendered":"<p style=\"text-align: justify;\"><span style=\"font-size: inherit;\">A Secretaria de Sa\u00fade de Caruaru informa, nesta quarta (22), que at\u00e9 o momento foram realizados 9.199 testes, dos quais 3.988 foram atrav\u00e9s do teste molecular e 5.211 do teste r\u00e1pido, com 3.757 confirma\u00e7\u00f5es para a Covid-19, incluindo quatro \u00f3bitos, no per\u00edodo de 21 de junho a 19 de julho, sendo eles: Mulher, 55 anos, sem comorbidades; Homem, 48 anos, com comorbidades; homem, 44 anos, com comorbidades e um homem, 40 anos, sem comorbidades.<\/span><\/p>\n<p style=\"text-align: justify;\">Em investiga\u00e7\u00e3o est\u00e3o 665 casos e j\u00e1 foram 4.777 descartados.<\/p>\n<p style=\"text-align: justify;\">Tamb\u00e9m j\u00e1 foram registrados 16.989 casos de s\u00edndrome gripal, dos quais 1.708 foram orientados a ficar em isolamento domiciliar.<\/p>\n<p style=\"text-align: justify;\">A secretaria informa ainda que 3.338 pacientes j\u00e1 foram recuperados do novo coronav\u00edrus.<\/p>\n\n\n<figure class=\"wp-block-image size-large\"><img loading=\"lazy\" decoding=\"async\" width=\"1024\" height=\"1024\" src=\"https:\/\/blogdoedvaldomagalhaes.com.br\/wp-content\/uploads\/2020\/07\/IMG-20200722-WA0182-1024x1024.jpg\" alt=\"\" class=\"wp-image-59122\" srcset=\"https:\/\/blogdoedvaldomagalhaes.com.br\/wp-content\/uploads\/2020\/07\/IMG-20200722-WA0182-1024x1024.jpg 1024w, https:\/\/blogdoedvaldomagalhaes.com.br\/wp-content\/uploads\/2020\/07\/IMG-20200722-WA0182-300x300.jpg 300w, https:\/\/blogdoedvaldomagalhaes.com.br\/wp-content\/uploads\/2020\/07\/IMG-20200722-WA0182-150x150.jpg 150w, https:\/\/blogdoedvaldomagalhaes.com.br\/wp-content\/uploads\/2020\/07\/IMG-20200722-WA0182-768x768.jpg 768w, https:\/\/blogdoedvaldomagalhaes.com.br\/wp-content\/uploads\/2020\/07\/IMG-20200722-WA0182.jpg 1280w\" sizes=\"auto, (max-width: 1024px) 100vw, 1024px\" \/><\/figure>\n","protected":false},"excerpt":{"rendered":"<p>A Secretaria de Sa\u00fade de Caruaru informa, nesta quarta (22), que at\u00e9 o momento foram realizados 9.199 testes, dos quais&hellip;<\/p>\n","protected":false},"author":1,"featured_media":59123,"comment_status":"open","ping_status":"open","sticky":false,"template":"","format":"standard","meta":{"footnotes":""},"categories":[14120],"tags":[2,17948,18982],"class_list":["post-59120","post","type-post","status-publish","format-standard","has-post-thumbnail","hentry","category-noticias","tag-blog-do-edvaldo-magalhaes","tag-coronavirus-2","tag-secretaria-de-saude-de-caruaru-divulga-mais-72-casos-de-covid-19-e-mais-4-obitos"],"_links":{"self":[{"href":"https:\/\/blogdoedvaldomagalhaes.com.br\/index.php\/wp-json\/wp\/v2\/posts\/59120","targetHints":{"allow":["GET"]}}],"collection":[{"href":"https:\/\/blogdoedvaldomagalhaes.com.br\/index.php\/wp-json\/wp\/v2\/posts"}],"about":[{"href":"https:\/\/blogdoedvaldomagalhaes.com.br\/index.php\/wp-json\/wp\/v2\/types\/post"}],"author":[{"embeddable":true,"href":"https:\/\/blogdoedvaldomagalhaes.com.br\/index.php\/wp-json\/wp\/v2\/users\/1"}],"replies":[{"embeddable":true,"href":"https:\/\/blogdoedvaldomagalhaes.com.br\/index.php\/wp-json\/wp\/v2\/comments?post=59120"}],"version-history":[{"count":1,"href":"https:\/\/blogdoedvaldomagalhaes.com.br\/index.php\/wp-json\/wp\/v2\/posts\/59120\/revisions"}],"predecessor-version":[{"id":59124,"href":"https:\/\/blogdoedvaldomagalhaes.com.br\/index.php\/wp-json\/wp\/v2\/posts\/59120\/revisions\/59124"}],"wp:featuredmedia":[{"embeddable":true,"href":"https:\/\/blogdoedvaldomagalhaes.com.br\/index.php\/wp-json\/wp\/v2\/media\/59123"}],"wp:attachment":[{"href":"https:\/\/blogdoedvaldomagalhaes.com.br\/index.php\/wp-json\/wp\/v2\/media?parent=59120"}],"wp:term":[{"taxonomy":"category","embeddable":true,"href":"https:\/\/blogdoedvaldomagalhaes.com.br\/index.php\/wp-json\/wp\/v2\/categories?post=59120"},{"taxonomy":"post_tag","embeddable":true,"href":"https:\/\/blogdoedvaldomagalhaes.com.br\/index.php\/wp-json\/wp\/v2\/tags?post=59120"}],"curies":[{"name":"wp","href":"https:\/\/api.w.org\/{rel}","templated":true}]}}